{"id":1822,"date":"2022-09-20T10:07:45","date_gmt":"2022-09-20T13:07:45","guid":{"rendered":"https:\/\/www.arenales.com.br\/blog\/?p=1822"},"modified":"2022-09-20T10:46:25","modified_gmt":"2022-09-20T13:46:25","slug":"participacao-no-desfile-civico-de-presidente-prudente","status":"publish","type":"post","link":"https:\/\/www.arenales.com.br\/blog\/participacao-no-desfile-civico-de-presidente-prudente\/","title":{"rendered":"Arenales participa do desfile dos 105 anos de Presidente Prudente"},"content":{"rendered":"<p>O\u00a0<strong>anivers\u00e1rio de Presidente Prudente,<\/strong>\u00a0no dia 14 de setembro, foi marcado por um desfile c\u00edvico com milhares de cidad\u00e3os prudentinos e a participa\u00e7\u00e3o de diversas empresas da cidade.<\/p>\n<p>&nbsp;<\/p>\n<p><a href=\"https:\/\/www.arenales.com.br\/blog\/wp-content\/uploads\/2022\/09\/WhatsApp-Image-2022-09-14-at-10.19.23.jpeg\"><img loading=\"lazy\" decoding=\"async\" class=\"aligncenter size-full wp-image-1823\" src=\"https:\/\/www.arenales.com.br\/blog\/wp-content\/uploads\/2022\/09\/WhatsApp-Image-2022-09-14-at-10.19.23.jpeg\" alt=\"\" width=\"868\" height=\"868\" srcset=\"https:\/\/www.arenales.com.br\/blog\/wp-content\/uploads\/2022\/09\/WhatsApp-Image-2022-09-14-at-10.19.23.jpeg 868w, https:\/\/www.arenales.com.br\/blog\/wp-content\/uploads\/2022\/09\/WhatsApp-Image-2022-09-14-at-10.19.23-300x300.jpeg 300w, https:\/\/www.arenales.com.br\/blog\/wp-content\/uploads\/2022\/09\/WhatsApp-Image-2022-09-14-at-10.19.23-150x150.jpeg 150w, https:\/\/www.arenales.com.br\/blog\/wp-content\/uploads\/2022\/09\/WhatsApp-Image-2022-09-14-at-10.19.23-768x768.jpeg 768w\" sizes=\"auto, (max-width: 868px) 100vw, 868px\" \/><\/a><\/p>\n<p>&nbsp;<\/p>\n<p><strong>Arenales no anivers\u00e1rio de Presidente Prudente<\/strong><\/p>\n<div class=\"message-2CShn3 cozyMessage-1DWF9U wrapper-30-Nkg cozy-VmLDNB zalgo-26OfGz\" tabindex=\"-1\" role=\"article\" data-list-item-id=\"chat-messages___chat-messages-1021777946886815816\" aria-setsize=\"-1\" aria-roledescription=\"Mensagem\" aria-labelledby=\"message-username-1021777696189059072 uid_1 message-content-1021777946886815816 uid_2 message-timestamp-1021777946886815816\">\n<div class=\"contents-2MsGLg\">\n<p id=\"message-content-1021777946886815816\" class=\"markup-eYLPri messageContent-2t3eCI\">A<strong> Arenales Homeopatianimal\u00ae<\/strong> participou do desfile com parte da sua frota e colaboradores.<\/p>\n<\/div>\n<div class=\"contents-2MsGLg\">\n<p id=\"message-content-1021777994517319782\" class=\"markup-eYLPri messageContent-2t3eCI\">A empresa tem orgulho de fazer parte dos 105 anos de hist\u00f3ria de Presidente Prudente e est\u00e1 na cidade h\u00e1 mais de 20 anos, promovendo a preven\u00e7\u00e3o e o tratamento de doen\u00e7as atrav\u00e9s da homeopatianimal.<\/p>\n<p>&nbsp;<\/p>\n<\/div>\n<\/div>\n<p><a href=\"https:\/\/www.arenales.com.br\/blog\/wp-content\/uploads\/2022\/09\/WhatsApp-Image-2022-09-14-at-10.19.22.jpeg\"><img loading=\"lazy\" decoding=\"async\" class=\"aligncenter size-full wp-image-1824\" src=\"https:\/\/www.arenales.com.br\/blog\/wp-content\/uploads\/2022\/09\/WhatsApp-Image-2022-09-14-at-10.19.22.jpeg\" alt=\"\" width=\"868\" height=\"868\" srcset=\"https:\/\/www.arenales.com.br\/blog\/wp-content\/uploads\/2022\/09\/WhatsApp-Image-2022-09-14-at-10.19.22.jpeg 868w, https:\/\/www.arenales.com.br\/blog\/wp-content\/uploads\/2022\/09\/WhatsApp-Image-2022-09-14-at-10.19.22-300x300.jpeg 300w, https:\/\/www.arenales.com.br\/blog\/wp-content\/uploads\/2022\/09\/WhatsApp-Image-2022-09-14-at-10.19.22-150x150.jpeg 150w, https:\/\/www.arenales.com.br\/blog\/wp-content\/uploads\/2022\/09\/WhatsApp-Image-2022-09-14-at-10.19.22-768x768.jpeg 768w\" sizes=\"auto, (max-width: 868px) 100vw, 868px\" \/><\/a><\/p>\n<p>&nbsp;<\/p>\n<p>A empresa tem orgulho de fazer parte dos 105 anos de hist\u00f3ria de\u00a0<strong>Presidente Prudente<\/strong>\u00a0e est\u00e1 na cidade h\u00e1 mais de 20 anos, promovendo a preven\u00e7\u00e3o e o tratamento de doen\u00e7as atrav\u00e9s da\u00a0<a href=\"https:\/\/www.arenales.com.br\/blog\/homeopatia-animal-tratamento-sem-efeitos-colaterais\/\"><strong>homeopatia animal.<\/strong><\/a><\/p>\n<p>&nbsp;<\/p>\n<p><a href=\"https:\/\/www.arenales.com.br\/blog\/wp-content\/uploads\/2022\/09\/WhatsApp-Image-2022-09-14-at-10.19.17.jpeg\"><img loading=\"lazy\" decoding=\"async\" class=\"aligncenter size-large wp-image-1825\" src=\"https:\/\/www.arenales.com.br\/blog\/wp-content\/uploads\/2022\/09\/WhatsApp-Image-2022-09-14-at-10.19.17-1024x766.jpeg\" alt=\"\" width=\"1024\" height=\"766\" srcset=\"https:\/\/www.arenales.com.br\/blog\/wp-content\/uploads\/2022\/09\/WhatsApp-Image-2022-09-14-at-10.19.17-1024x766.jpeg 1024w, https:\/\/www.arenales.com.br\/blog\/wp-content\/uploads\/2022\/09\/WhatsApp-Image-2022-09-14-at-10.19.17-300x224.jpeg 300w, https:\/\/www.arenales.com.br\/blog\/wp-content\/uploads\/2022\/09\/WhatsApp-Image-2022-09-14-at-10.19.17-768x574.jpeg 768w, https:\/\/www.arenales.com.br\/blog\/wp-content\/uploads\/2022\/09\/WhatsApp-Image-2022-09-14-at-10.19.17.jpeg 1114w\" sizes=\"auto, (max-width: 1024px) 100vw, 1024px\" \/><\/a><\/p>\n<p>&nbsp;<\/p>\n<p>A <strong>Arenales<\/strong> apoia a cidade de Presidente Prudente e tem orgulho de fazer parte dessa hist\u00f3ria.<\/p>\n<p>&nbsp;<\/p>\n","protected":false},"excerpt":{"rendered":"<p>O\u00a0anivers\u00e1rio de Presidente Prudente,\u00a0no dia 14 de setembro, foi marcado por um desfile c\u00edvico com milhares de cidad\u00e3os prudentinos e a participa\u00e7\u00e3o de diversas empresas da cidade. &nbsp; &nbsp; Arenales no anivers\u00e1rio de Presidente Prudente A Arenales Homeopatianimal\u00ae participou do desfile com parte da sua frota e colaboradores. A empresa tem orgulho de fazer parte&#8230;<\/p>\n","protected":false},"author":3,"featured_media":1826,"comment_status":"open","ping_status":"open","sticky":false,"template":"","format":"standard","meta":{"footnotes":""},"categories":[1],"tags":[6,4,5,8,7],"class_list":["post-1822","post","type-post","status-publish","format-standard","has-post-thumbnail","hentry","category-noticias","tag-aniversario-presidente-prudente","tag-arenales","tag-arenales-homeopatia","tag-homeopatia-animal","tag-presidente-prudente"],"yoast_head":"<!-- This site is optimized with the Yoast SEO plugin v27.0 - https:\/\/yoast.com\/product\/yoast-seo-wordpress\/ -->\n<title>Participa\u00e7\u00e3o do desfile dos 105 anos de Presidente Prudente | Arenales<\/title>\n<meta name=\"description\" content=\"A Arenales Homeopatianimal\u00ae participou do desfile do anivers\u00e1rio de 105 anos de Presidente Prudente. Para saber mais, acesse!\" \/>\n<meta name=\"robots\" content=\"index, follow, max-snippet:-1, max-image-preview:large, max-video-preview:-1\" \/>\n<link rel=\"canonical\" href=\"https:\/\/www.arenales.com.br\/blog\/participacao-no-desfile-civico-de-presidente-prudente\/\" \/>\n<meta property=\"og:locale\" content=\"pt_BR\" \/>\n<meta property=\"og:type\" content=\"article\" \/>\n<meta property=\"og:title\" content=\"Participa\u00e7\u00e3o do desfile dos 105 anos de Presidente Prudente | Arenales\" \/>\n<meta property=\"og:description\" content=\"A Arenales Homeopatianimal\u00ae participou do desfile do anivers\u00e1rio de 105 anos de Presidente Prudente. Para saber mais, acesse!\" \/>\n<meta property=\"og:url\" content=\"https:\/\/www.arenales.com.br\/blog\/participacao-no-desfile-civico-de-presidente-prudente\/\" \/>\n<meta property=\"og:site_name\" content=\"Arenales | Blog\" \/>\n<meta property=\"article:published_time\" content=\"2022-09-20T13:07:45+00:00\" \/>\n<meta property=\"article:modified_time\" content=\"2022-09-20T13:46:25+00:00\" \/>\n<meta property=\"og:image\" content=\"https:\/\/www.arenales.com.br\/blog\/wp-content\/uploads\/2022\/09\/WhatsApp-Image-2022-09-14-at-08.34.00-1.jpeg\" \/>\n\t<meta property=\"og:image:width\" content=\"1280\" \/>\n\t<meta property=\"og:image:height\" content=\"720\" \/>\n\t<meta property=\"og:image:type\" content=\"image\/jpeg\" \/>\n<meta name=\"author\" content=\"Arenales Homeopatia Animal\" \/>\n<meta name=\"twitter:card\" content=\"summary_large_image\" \/>\n<meta name=\"twitter:label1\" content=\"Escrito por\" \/>\n\t<meta name=\"twitter:data1\" content=\"Arenales Homeopatia Animal\" \/>\n\t<meta name=\"twitter:label2\" content=\"Est. tempo de leitura\" \/>\n\t<meta name=\"twitter:data2\" content=\"2 minutos\" \/>\n<script type=\"application\/ld+json\" class=\"yoast-schema-graph\">{\"@context\":\"https:\/\/schema.org\",\"@graph\":[{\"@type\":\"Article\",\"@id\":\"https:\/\/www.arenales.com.br\/blog\/participacao-no-desfile-civico-de-presidente-prudente\/#article\",\"isPartOf\":{\"@id\":\"https:\/\/www.arenales.com.br\/blog\/participacao-no-desfile-civico-de-presidente-prudente\/\"},\"author\":{\"name\":\"Arenales Homeopatia Animal\",\"@id\":\"https:\/\/www.arenales.com.br\/blog\/#\/schema\/person\/7f8e8b8008c7c5f665a357a9b4bb2c8d\"},\"headline\":\"Arenales participa do desfile dos 105 anos de Presidente Prudente\",\"datePublished\":\"2022-09-20T13:07:45+00:00\",\"dateModified\":\"2022-09-20T13:46:25+00:00\",\"mainEntityOfPage\":{\"@id\":\"https:\/\/www.arenales.com.br\/blog\/participacao-no-desfile-civico-de-presidente-prudente\/\"},\"wordCount\":160,\"commentCount\":0,\"image\":{\"@id\":\"https:\/\/www.arenales.com.br\/blog\/participacao-no-desfile-civico-de-presidente-prudente\/#primaryimage\"},\"thumbnailUrl\":\"https:\/\/www.arenales.com.br\/blog\/wp-content\/uploads\/2022\/09\/WhatsApp-Image-2022-09-14-at-08.34.00-1.jpeg\",\"keywords\":[\"Anivers\u00e1rio Presidente Prudente\",\"Arenales\",\"Arenales homeopatia\",\"Homeopatia animal\",\"Presidente Prudente\"],\"articleSection\":[\"Not\u00edcias\"],\"inLanguage\":\"pt-BR\",\"potentialAction\":[{\"@type\":\"CommentAction\",\"name\":\"Comment\",\"target\":[\"https:\/\/www.arenales.com.br\/blog\/participacao-no-desfile-civico-de-presidente-prudente\/#respond\"]}]},{\"@type\":\"WebPage\",\"@id\":\"https:\/\/www.arenales.com.br\/blog\/participacao-no-desfile-civico-de-presidente-prudente\/\",\"url\":\"https:\/\/www.arenales.com.br\/blog\/participacao-no-desfile-civico-de-presidente-prudente\/\",\"name\":\"Participa\u00e7\u00e3o do desfile dos 105 anos de Presidente Prudente | Arenales\",\"isPartOf\":{\"@id\":\"https:\/\/www.arenales.com.br\/blog\/#website\"},\"primaryImageOfPage\":{\"@id\":\"https:\/\/www.arenales.com.br\/blog\/participacao-no-desfile-civico-de-presidente-prudente\/#primaryimage\"},\"image\":{\"@id\":\"https:\/\/www.arenales.com.br\/blog\/participacao-no-desfile-civico-de-presidente-prudente\/#primaryimage\"},\"thumbnailUrl\":\"https:\/\/www.arenales.com.br\/blog\/wp-content\/uploads\/2022\/09\/WhatsApp-Image-2022-09-14-at-08.34.00-1.jpeg\",\"datePublished\":\"2022-09-20T13:07:45+00:00\",\"dateModified\":\"2022-09-20T13:46:25+00:00\",\"author\":{\"@id\":\"https:\/\/www.arenales.com.br\/blog\/#\/schema\/person\/7f8e8b8008c7c5f665a357a9b4bb2c8d\"},\"description\":\"A Arenales Homeopatianimal\u00ae participou do desfile do anivers\u00e1rio de 105 anos de Presidente Prudente. Para saber mais, acesse!\",\"breadcrumb\":{\"@id\":\"https:\/\/www.arenales.com.br\/blog\/participacao-no-desfile-civico-de-presidente-prudente\/#breadcrumb\"},\"inLanguage\":\"pt-BR\",\"potentialAction\":[{\"@type\":\"ReadAction\",\"target\":[\"https:\/\/www.arenales.com.br\/blog\/participacao-no-desfile-civico-de-presidente-prudente\/\"]}]},{\"@type\":\"ImageObject\",\"inLanguage\":\"pt-BR\",\"@id\":\"https:\/\/www.arenales.com.br\/blog\/participacao-no-desfile-civico-de-presidente-prudente\/#primaryimage\",\"url\":\"https:\/\/www.arenales.com.br\/blog\/wp-content\/uploads\/2022\/09\/WhatsApp-Image-2022-09-14-at-08.34.00-1.jpeg\",\"contentUrl\":\"https:\/\/www.arenales.com.br\/blog\/wp-content\/uploads\/2022\/09\/WhatsApp-Image-2022-09-14-at-08.34.00-1.jpeg\",\"width\":1280,\"height\":720},{\"@type\":\"BreadcrumbList\",\"@id\":\"https:\/\/www.arenales.com.br\/blog\/participacao-no-desfile-civico-de-presidente-prudente\/#breadcrumb\",\"itemListElement\":[{\"@type\":\"ListItem\",\"position\":1,\"name\":\"In\u00edcio\",\"item\":\"https:\/\/www.arenales.com.br\/blog\/\"},{\"@type\":\"ListItem\",\"position\":2,\"name\":\"Arenales participa do desfile dos 105 anos de Presidente Prudente\"}]},{\"@type\":\"WebSite\",\"@id\":\"https:\/\/www.arenales.com.br\/blog\/#website\",\"url\":\"https:\/\/www.arenales.com.br\/blog\/\",\"name\":\"Arenales | Blog\",\"description\":\"Not\u00edcias sobre Homeopatia Animal\",\"potentialAction\":[{\"@type\":\"SearchAction\",\"target\":{\"@type\":\"EntryPoint\",\"urlTemplate\":\"https:\/\/www.arenales.com.br\/blog\/?s={search_term_string}\"},\"query-input\":{\"@type\":\"PropertyValueSpecification\",\"valueRequired\":true,\"valueName\":\"search_term_string\"}}],\"inLanguage\":\"pt-BR\"},{\"@type\":\"Person\",\"@id\":\"https:\/\/www.arenales.com.br\/blog\/#\/schema\/person\/7f8e8b8008c7c5f665a357a9b4bb2c8d\",\"name\":\"Arenales Homeopatia Animal\",\"image\":{\"@type\":\"ImageObject\",\"inLanguage\":\"pt-BR\",\"@id\":\"https:\/\/www.arenales.com.br\/blog\/#\/schema\/person\/image\/\",\"url\":\"https:\/\/secure.gravatar.com\/avatar\/811a90ebc2f6602e6d3a5b37d87ca1ae36de9df5f1b7a7b9e28c2bfca15931f2?s=96&d=mm&r=g\",\"contentUrl\":\"https:\/\/secure.gravatar.com\/avatar\/811a90ebc2f6602e6d3a5b37d87ca1ae36de9df5f1b7a7b9e28c2bfca15931f2?s=96&d=mm&r=g\",\"caption\":\"Arenales Homeopatia Animal\"},\"url\":\"https:\/\/www.arenales.com.br\/blog\/author\/arenales\/\"}]}<\/script>\n<!-- \/ Yoast SEO plugin. -->","yoast_head_json":{"title":"Participa\u00e7\u00e3o do desfile dos 105 anos de Presidente Prudente | Arenales","description":"A Arenales Homeopatianimal\u00ae participou do desfile do anivers\u00e1rio de 105 anos de Presidente Prudente. Para saber mais, acesse!","robots":{"index":"index","follow":"follow","max-snippet":"max-snippet:-1","max-image-preview":"max-image-preview:large","max-video-preview":"max-video-preview:-1"},"canonical":"https:\/\/www.arenales.com.br\/blog\/participacao-no-desfile-civico-de-presidente-prudente\/","og_locale":"pt_BR","og_type":"article","og_title":"Participa\u00e7\u00e3o do desfile dos 105 anos de Presidente Prudente | Arenales","og_description":"A Arenales Homeopatianimal\u00ae participou do desfile do anivers\u00e1rio de 105 anos de Presidente Prudente. Para saber mais, acesse!","og_url":"https:\/\/www.arenales.com.br\/blog\/participacao-no-desfile-civico-de-presidente-prudente\/","og_site_name":"Arenales | Blog","article_published_time":"2022-09-20T13:07:45+00:00","article_modified_time":"2022-09-20T13:46:25+00:00","og_image":[{"width":1280,"height":720,"url":"https:\/\/www.arenales.com.br\/blog\/wp-content\/uploads\/2022\/09\/WhatsApp-Image-2022-09-14-at-08.34.00-1.jpeg","type":"image\/jpeg"}],"author":"Arenales Homeopatia Animal","twitter_card":"summary_large_image","twitter_misc":{"Escrito por":"Arenales Homeopatia Animal","Est. tempo de leitura":"2 minutos"},"schema":{"@context":"https:\/\/schema.org","@graph":[{"@type":"Article","@id":"https:\/\/www.arenales.com.br\/blog\/participacao-no-desfile-civico-de-presidente-prudente\/#article","isPartOf":{"@id":"https:\/\/www.arenales.com.br\/blog\/participacao-no-desfile-civico-de-presidente-prudente\/"},"author":{"name":"Arenales Homeopatia Animal","@id":"https:\/\/www.arenales.com.br\/blog\/#\/schema\/person\/7f8e8b8008c7c5f665a357a9b4bb2c8d"},"headline":"Arenales participa do desfile dos 105 anos de Presidente Prudente","datePublished":"2022-09-20T13:07:45+00:00","dateModified":"2022-09-20T13:46:25+00:00","mainEntityOfPage":{"@id":"https:\/\/www.arenales.com.br\/blog\/participacao-no-desfile-civico-de-presidente-prudente\/"},"wordCount":160,"commentCount":0,"image":{"@id":"https:\/\/www.arenales.com.br\/blog\/participacao-no-desfile-civico-de-presidente-prudente\/#primaryimage"},"thumbnailUrl":"https:\/\/www.arenales.com.br\/blog\/wp-content\/uploads\/2022\/09\/WhatsApp-Image-2022-09-14-at-08.34.00-1.jpeg","keywords":["Anivers\u00e1rio Presidente Prudente","Arenales","Arenales homeopatia","Homeopatia animal","Presidente Prudente"],"articleSection":["Not\u00edcias"],"inLanguage":"pt-BR","potentialAction":[{"@type":"CommentAction","name":"Comment","target":["https:\/\/www.arenales.com.br\/blog\/participacao-no-desfile-civico-de-presidente-prudente\/#respond"]}]},{"@type":"WebPage","@id":"https:\/\/www.arenales.com.br\/blog\/participacao-no-desfile-civico-de-presidente-prudente\/","url":"https:\/\/www.arenales.com.br\/blog\/participacao-no-desfile-civico-de-presidente-prudente\/","name":"Participa\u00e7\u00e3o do desfile dos 105 anos de Presidente Prudente | Arenales","isPartOf":{"@id":"https:\/\/www.arenales.com.br\/blog\/#website"},"primaryImageOfPage":{"@id":"https:\/\/www.arenales.com.br\/blog\/participacao-no-desfile-civico-de-presidente-prudente\/#primaryimage"},"image":{"@id":"https:\/\/www.arenales.com.br\/blog\/participacao-no-desfile-civico-de-presidente-prudente\/#primaryimage"},"thumbnailUrl":"https:\/\/www.arenales.com.br\/blog\/wp-content\/uploads\/2022\/09\/WhatsApp-Image-2022-09-14-at-08.34.00-1.jpeg","datePublished":"2022-09-20T13:07:45+00:00","dateModified":"2022-09-20T13:46:25+00:00","author":{"@id":"https:\/\/www.arenales.com.br\/blog\/#\/schema\/person\/7f8e8b8008c7c5f665a357a9b4bb2c8d"},"description":"A Arenales Homeopatianimal\u00ae participou do desfile do anivers\u00e1rio de 105 anos de Presidente Prudente. Para saber mais, acesse!","breadcrumb":{"@id":"https:\/\/www.arenales.com.br\/blog\/participacao-no-desfile-civico-de-presidente-prudente\/#breadcrumb"},"inLanguage":"pt-BR","potentialAction":[{"@type":"ReadAction","target":["https:\/\/www.arenales.com.br\/blog\/participacao-no-desfile-civico-de-presidente-prudente\/"]}]},{"@type":"ImageObject","inLanguage":"pt-BR","@id":"https:\/\/www.arenales.com.br\/blog\/participacao-no-desfile-civico-de-presidente-prudente\/#primaryimage","url":"https:\/\/www.arenales.com.br\/blog\/wp-content\/uploads\/2022\/09\/WhatsApp-Image-2022-09-14-at-08.34.00-1.jpeg","contentUrl":"https:\/\/www.arenales.com.br\/blog\/wp-content\/uploads\/2022\/09\/WhatsApp-Image-2022-09-14-at-08.34.00-1.jpeg","width":1280,"height":720},{"@type":"BreadcrumbList","@id":"https:\/\/www.arenales.com.br\/blog\/participacao-no-desfile-civico-de-presidente-prudente\/#breadcrumb","itemListElement":[{"@type":"ListItem","position":1,"name":"In\u00edcio","item":"https:\/\/www.arenales.com.br\/blog\/"},{"@type":"ListItem","position":2,"name":"Arenales participa do desfile dos 105 anos de Presidente Prudente"}]},{"@type":"WebSite","@id":"https:\/\/www.arenales.com.br\/blog\/#website","url":"https:\/\/www.arenales.com.br\/blog\/","name":"Arenales | Blog","description":"Not\u00edcias sobre Homeopatia Animal","potentialAction":[{"@type":"SearchAction","target":{"@type":"EntryPoint","urlTemplate":"https:\/\/www.arenales.com.br\/blog\/?s={search_term_string}"},"query-input":{"@type":"PropertyValueSpecification","valueRequired":true,"valueName":"search_term_string"}}],"inLanguage":"pt-BR"},{"@type":"Person","@id":"https:\/\/www.arenales.com.br\/blog\/#\/schema\/person\/7f8e8b8008c7c5f665a357a9b4bb2c8d","name":"Arenales Homeopatia Animal","image":{"@type":"ImageObject","inLanguage":"pt-BR","@id":"https:\/\/www.arenales.com.br\/blog\/#\/schema\/person\/image\/","url":"https:\/\/secure.gravatar.com\/avatar\/811a90ebc2f6602e6d3a5b37d87ca1ae36de9df5f1b7a7b9e28c2bfca15931f2?s=96&d=mm&r=g","contentUrl":"https:\/\/secure.gravatar.com\/avatar\/811a90ebc2f6602e6d3a5b37d87ca1ae36de9df5f1b7a7b9e28c2bfca15931f2?s=96&d=mm&r=g","caption":"Arenales Homeopatia Animal"},"url":"https:\/\/www.arenales.com.br\/blog\/author\/arenales\/"}]}},"_links":{"self":[{"href":"https:\/\/www.arenales.com.br\/blog\/wp-json\/wp\/v2\/posts\/1822","targetHints":{"allow":["GET"]}}],"collection":[{"href":"https:\/\/www.arenales.com.br\/blog\/wp-json\/wp\/v2\/posts"}],"about":[{"href":"https:\/\/www.arenales.com.br\/blog\/wp-json\/wp\/v2\/types\/post"}],"author":[{"embeddable":true,"href":"https:\/\/www.arenales.com.br\/blog\/wp-json\/wp\/v2\/users\/3"}],"replies":[{"embeddable":true,"href":"https:\/\/www.arenales.com.br\/blog\/wp-json\/wp\/v2\/comments?post=1822"}],"version-history":[{"count":8,"href":"https:\/\/www.arenales.com.br\/blog\/wp-json\/wp\/v2\/posts\/1822\/revisions"}],"predecessor-version":[{"id":1834,"href":"https:\/\/www.arenales.com.br\/blog\/wp-json\/wp\/v2\/posts\/1822\/revisions\/1834"}],"wp:featuredmedia":[{"embeddable":true,"href":"https:\/\/www.arenales.com.br\/blog\/wp-json\/wp\/v2\/media\/1826"}],"wp:attachment":[{"href":"https:\/\/www.arenales.com.br\/blog\/wp-json\/wp\/v2\/media?parent=1822"}],"wp:term":[{"taxonomy":"category","embeddable":true,"href":"https:\/\/www.arenales.com.br\/blog\/wp-json\/wp\/v2\/categories?post=1822"},{"taxonomy":"post_tag","embeddable":true,"href":"https:\/\/www.arenales.com.br\/blog\/wp-json\/wp\/v2\/tags?post=1822"}],"curies":[{"name":"wp","href":"https:\/\/api.w.org\/{rel}","templated":true}]}}