{"id":1112,"date":"2019-05-03T13:17:16","date_gmt":"2019-05-03T16:17:16","guid":{"rendered":"https:\/\/arenales.com.br\/?p=7062"},"modified":"2019-05-03T13:17:16","modified_gmt":"2019-05-03T16:17:16","slug":"celebracoes-em-alusao-ao-dia-trabalhador-sao-feitas-na-arenales","status":"publish","type":"post","link":"https:\/\/www.arenales.com.br\/blog\/celebracoes-em-alusao-ao-dia-trabalhador-sao-feitas-na-arenales\/","title":{"rendered":"Celebra\u00e7\u00f5es em alus\u00e3o ao Dia do Trabalhador s\u00e3o feitas na Arenales"},"content":{"rendered":"<p><!--:pt-->Nesta semana que \u00e9 celebrada o Dia do Trabalhador, a Associa\u00e7\u00e3o dos Colaboradores da Arenales realizou diversas a\u00e7\u00f5es para comemorar esta data t\u00e3o importante. <\/p>\n<p>Entre as a\u00e7\u00f5es foi feita no anexo da empresa uma feijoada comemorativa para integrar os mais diferentes setores da ind\u00fastria. Os colaboradores tamb\u00e9m receberam da Arenales, um mimo com uma mensagem de incentivo. <\/p>\n<p>A Arenales Homeopatianimal zela e cuida dos seus colaboradores por meio de programas de gest\u00e3o de incentivo ao trabalhador, com a\u00e7\u00f5es motivacionais e canais de comunica\u00e7\u00e3o para que os profissionais possam se expressar sobre algo que esteja insatisfeito, ou ideias que contribuam para a empresa crescer e ser um ambiente agrad\u00e1vel para se trabalhar. <\/p>\n<p>Inclusive a empresa j\u00e1 recebeu diversos pr\u00eamios que confirmam a Arenales, como uma ind\u00fastria refer\u00eancia no quesito bem estar dos colaboradores. Entre essas premia\u00e7\u00f5es, est\u00e1 o Pr\u00eamio Sesi de Qualidade no Trabalho (PSQT), em que a empresa j\u00e1 alcan\u00e7ou o primeiro lugar em todo o estado de S\u00e3o Paulo. <\/p>\n\n","protected":false},"excerpt":{"rendered":"<p>Nesta semana que \u00e9 celebrada o Dia do Trabalhador, a Associa\u00e7\u00e3o dos Colaboradores da Arenales realizou diversas a\u00e7\u00f5es para comemorar esta data t\u00e3o importante. Entre as a\u00e7\u00f5es foi feita no anexo da empresa uma feijoada comemorativa para integrar os mais diferentes setores da ind\u00fastria. Os colaboradores tamb\u00e9m receberam da Arenales, um mimo com uma mensagem&#8230;<\/p>\n","protected":false},"author":5,"featured_media":1193,"comment_status":"open","ping_status":"open","sticky":false,"template":"","format":"standard","meta":{"footnotes":""},"categories":[1],"tags":[],"class_list":["post-1112","post","type-post","status-publish","format-standard","has-post-thumbnail","hentry","category-noticias"],"yoast_head":"<!-- This site is optimized with the Yoast SEO plugin v27.0 - https:\/\/yoast.com\/product\/yoast-seo-wordpress\/ -->\n<title>Celebra\u00e7\u00f5es em alus\u00e3o ao Dia do Trabalhador s\u00e3o feitas na Arenales - Arenales | Blog<\/title>\n<meta name=\"description\" content=\"Leia sobre Celebra\u00e7\u00f5es em alus\u00e3o ao Dia do Trabalhador s\u00e3o feitas na Arenales, aqui na Arenales | Blog - Not\u00edcias sobre Homeopatia Animal\" \/>\n<meta name=\"robots\" content=\"index, follow, max-snippet:-1, max-image-preview:large, max-video-preview:-1\" \/>\n<link rel=\"canonical\" href=\"https:\/\/www.arenales.com.br\/blog\/celebracoes-em-alusao-ao-dia-trabalhador-sao-feitas-na-arenales\/\" \/>\n<meta property=\"og:locale\" content=\"pt_BR\" \/>\n<meta property=\"og:type\" content=\"article\" \/>\n<meta property=\"og:title\" content=\"Celebra\u00e7\u00f5es em alus\u00e3o ao Dia do Trabalhador s\u00e3o feitas na Arenales - Arenales | Blog\" \/>\n<meta property=\"og:description\" content=\"Leia sobre Celebra\u00e7\u00f5es em alus\u00e3o ao Dia do Trabalhador s\u00e3o feitas na Arenales, aqui na Arenales | Blog - Not\u00edcias sobre Homeopatia Animal\" \/>\n<meta property=\"og:url\" content=\"https:\/\/www.arenales.com.br\/blog\/celebracoes-em-alusao-ao-dia-trabalhador-sao-feitas-na-arenales\/\" \/>\n<meta property=\"og:site_name\" content=\"Arenales | Blog\" \/>\n<meta property=\"article:published_time\" content=\"2019-05-03T16:17:16+00:00\" \/>\n<meta property=\"og:image\" content=\"https:\/\/www.arenales.com.br\/blog\/wp-content\/uploads\/2020\/11\/capa_arenales.png\" \/>\n\t<meta property=\"og:image:width\" content=\"1200\" \/>\n\t<meta property=\"og:image:height\" content=\"628\" \/>\n\t<meta property=\"og:image:type\" content=\"image\/png\" \/>\n<meta name=\"author\" content=\"Redator Oxigenweb\" \/>\n<meta name=\"twitter:card\" content=\"summary_large_image\" \/>\n<meta name=\"twitter:label1\" content=\"Escrito por\" \/>\n\t<meta name=\"twitter:data1\" content=\"Redator Oxigenweb\" \/>\n\t<meta name=\"twitter:label2\" content=\"Est. tempo de leitura\" \/>\n\t<meta name=\"twitter:data2\" content=\"1 minuto\" \/>\n<script type=\"application\/ld+json\" class=\"yoast-schema-graph\">{\"@context\":\"https:\/\/schema.org\",\"@graph\":[{\"@type\":\"Article\",\"@id\":\"https:\/\/www.arenales.com.br\/blog\/celebracoes-em-alusao-ao-dia-trabalhador-sao-feitas-na-arenales\/#article\",\"isPartOf\":{\"@id\":\"https:\/\/www.arenales.com.br\/blog\/celebracoes-em-alusao-ao-dia-trabalhador-sao-feitas-na-arenales\/\"},\"author\":{\"name\":\"Redator Oxigenweb\",\"@id\":\"https:\/\/www.arenales.com.br\/blog\/#\/schema\/person\/4b16e8118397dad78148183d61788f70\"},\"headline\":\"Celebra\u00e7\u00f5es em alus\u00e3o ao Dia do Trabalhador s\u00e3o feitas na Arenales\",\"datePublished\":\"2019-05-03T16:17:16+00:00\",\"mainEntityOfPage\":{\"@id\":\"https:\/\/www.arenales.com.br\/blog\/celebracoes-em-alusao-ao-dia-trabalhador-sao-feitas-na-arenales\/\"},\"wordCount\":195,\"commentCount\":0,\"image\":{\"@id\":\"https:\/\/www.arenales.com.br\/blog\/celebracoes-em-alusao-ao-dia-trabalhador-sao-feitas-na-arenales\/#primaryimage\"},\"thumbnailUrl\":\"https:\/\/www.arenales.com.br\/blog\/wp-content\/uploads\/2020\/11\/capa_arenales.png\",\"articleSection\":[\"Not\u00edcias\"],\"inLanguage\":\"pt-BR\",\"potentialAction\":[{\"@type\":\"CommentAction\",\"name\":\"Comment\",\"target\":[\"https:\/\/www.arenales.com.br\/blog\/celebracoes-em-alusao-ao-dia-trabalhador-sao-feitas-na-arenales\/#respond\"]}]},{\"@type\":\"WebPage\",\"@id\":\"https:\/\/www.arenales.com.br\/blog\/celebracoes-em-alusao-ao-dia-trabalhador-sao-feitas-na-arenales\/\",\"url\":\"https:\/\/www.arenales.com.br\/blog\/celebracoes-em-alusao-ao-dia-trabalhador-sao-feitas-na-arenales\/\",\"name\":\"Celebra\u00e7\u00f5es em alus\u00e3o ao Dia do Trabalhador s\u00e3o feitas na Arenales - Arenales | Blog\",\"isPartOf\":{\"@id\":\"https:\/\/www.arenales.com.br\/blog\/#website\"},\"primaryImageOfPage\":{\"@id\":\"https:\/\/www.arenales.com.br\/blog\/celebracoes-em-alusao-ao-dia-trabalhador-sao-feitas-na-arenales\/#primaryimage\"},\"image\":{\"@id\":\"https:\/\/www.arenales.com.br\/blog\/celebracoes-em-alusao-ao-dia-trabalhador-sao-feitas-na-arenales\/#primaryimage\"},\"thumbnailUrl\":\"https:\/\/www.arenales.com.br\/blog\/wp-content\/uploads\/2020\/11\/capa_arenales.png\",\"datePublished\":\"2019-05-03T16:17:16+00:00\",\"author\":{\"@id\":\"https:\/\/www.arenales.com.br\/blog\/#\/schema\/person\/4b16e8118397dad78148183d61788f70\"},\"description\":\"Leia sobre Celebra\u00e7\u00f5es em alus\u00e3o ao Dia do Trabalhador s\u00e3o feitas na Arenales, aqui na Arenales | Blog - Not\u00edcias sobre Homeopatia Animal\",\"breadcrumb\":{\"@id\":\"https:\/\/www.arenales.com.br\/blog\/celebracoes-em-alusao-ao-dia-trabalhador-sao-feitas-na-arenales\/#breadcrumb\"},\"inLanguage\":\"pt-BR\",\"potentialAction\":[{\"@type\":\"ReadAction\",\"target\":[\"https:\/\/www.arenales.com.br\/blog\/celebracoes-em-alusao-ao-dia-trabalhador-sao-feitas-na-arenales\/\"]}]},{\"@type\":\"ImageObject\",\"inLanguage\":\"pt-BR\",\"@id\":\"https:\/\/www.arenales.com.br\/blog\/celebracoes-em-alusao-ao-dia-trabalhador-sao-feitas-na-arenales\/#primaryimage\",\"url\":\"https:\/\/www.arenales.com.br\/blog\/wp-content\/uploads\/2020\/11\/capa_arenales.png\",\"contentUrl\":\"https:\/\/www.arenales.com.br\/blog\/wp-content\/uploads\/2020\/11\/capa_arenales.png\",\"width\":1200,\"height\":628},{\"@type\":\"BreadcrumbList\",\"@id\":\"https:\/\/www.arenales.com.br\/blog\/celebracoes-em-alusao-ao-dia-trabalhador-sao-feitas-na-arenales\/#breadcrumb\",\"itemListElement\":[{\"@type\":\"ListItem\",\"position\":1,\"name\":\"In\u00edcio\",\"item\":\"https:\/\/www.arenales.com.br\/blog\/\"},{\"@type\":\"ListItem\",\"position\":2,\"name\":\"Celebra\u00e7\u00f5es em alus\u00e3o ao Dia do Trabalhador s\u00e3o feitas na Arenales\"}]},{\"@type\":\"WebSite\",\"@id\":\"https:\/\/www.arenales.com.br\/blog\/#website\",\"url\":\"https:\/\/www.arenales.com.br\/blog\/\",\"name\":\"Arenales | Blog\",\"description\":\"Not\u00edcias sobre Homeopatia Animal\",\"potentialAction\":[{\"@type\":\"SearchAction\",\"target\":{\"@type\":\"EntryPoint\",\"urlTemplate\":\"https:\/\/www.arenales.com.br\/blog\/?s={search_term_string}\"},\"query-input\":{\"@type\":\"PropertyValueSpecification\",\"valueRequired\":true,\"valueName\":\"search_term_string\"}}],\"inLanguage\":\"pt-BR\"},{\"@type\":\"Person\",\"@id\":\"https:\/\/www.arenales.com.br\/blog\/#\/schema\/person\/4b16e8118397dad78148183d61788f70\",\"name\":\"Redator Oxigenweb\",\"image\":{\"@type\":\"ImageObject\",\"inLanguage\":\"pt-BR\",\"@id\":\"https:\/\/www.arenales.com.br\/blog\/#\/schema\/person\/image\/\",\"url\":\"https:\/\/secure.gravatar.com\/avatar\/ff2ae70070243f5b9bcec4c798c21fce81251988fc5ea61e314458603dcb0508?s=96&d=mm&r=g\",\"contentUrl\":\"https:\/\/secure.gravatar.com\/avatar\/ff2ae70070243f5b9bcec4c798c21fce81251988fc5ea61e314458603dcb0508?s=96&d=mm&r=g\",\"caption\":\"Redator Oxigenweb\"},\"url\":\"https:\/\/www.arenales.com.br\/blog\/author\/redatoro2\/\"}]}<\/script>\n<!-- \/ Yoast SEO plugin. -->","yoast_head_json":{"title":"Celebra\u00e7\u00f5es em alus\u00e3o ao Dia do Trabalhador s\u00e3o feitas na Arenales - Arenales | Blog","description":"Leia sobre Celebra\u00e7\u00f5es em alus\u00e3o ao Dia do Trabalhador s\u00e3o feitas na Arenales, aqui na Arenales | Blog - Not\u00edcias sobre Homeopatia Animal","robots":{"index":"index","follow":"follow","max-snippet":"max-snippet:-1","max-image-preview":"max-image-preview:large","max-video-preview":"max-video-preview:-1"},"canonical":"https:\/\/www.arenales.com.br\/blog\/celebracoes-em-alusao-ao-dia-trabalhador-sao-feitas-na-arenales\/","og_locale":"pt_BR","og_type":"article","og_title":"Celebra\u00e7\u00f5es em alus\u00e3o ao Dia do Trabalhador s\u00e3o feitas na Arenales - Arenales | Blog","og_description":"Leia sobre Celebra\u00e7\u00f5es em alus\u00e3o ao Dia do Trabalhador s\u00e3o feitas na Arenales, aqui na Arenales | Blog - Not\u00edcias sobre Homeopatia Animal","og_url":"https:\/\/www.arenales.com.br\/blog\/celebracoes-em-alusao-ao-dia-trabalhador-sao-feitas-na-arenales\/","og_site_name":"Arenales | Blog","article_published_time":"2019-05-03T16:17:16+00:00","og_image":[{"width":1200,"height":628,"url":"https:\/\/www.arenales.com.br\/blog\/wp-content\/uploads\/2020\/11\/capa_arenales.png","type":"image\/png"}],"author":"Redator Oxigenweb","twitter_card":"summary_large_image","twitter_misc":{"Escrito por":"Redator Oxigenweb","Est. tempo de leitura":"1 minuto"},"schema":{"@context":"https:\/\/schema.org","@graph":[{"@type":"Article","@id":"https:\/\/www.arenales.com.br\/blog\/celebracoes-em-alusao-ao-dia-trabalhador-sao-feitas-na-arenales\/#article","isPartOf":{"@id":"https:\/\/www.arenales.com.br\/blog\/celebracoes-em-alusao-ao-dia-trabalhador-sao-feitas-na-arenales\/"},"author":{"name":"Redator Oxigenweb","@id":"https:\/\/www.arenales.com.br\/blog\/#\/schema\/person\/4b16e8118397dad78148183d61788f70"},"headline":"Celebra\u00e7\u00f5es em alus\u00e3o ao Dia do Trabalhador s\u00e3o feitas na Arenales","datePublished":"2019-05-03T16:17:16+00:00","mainEntityOfPage":{"@id":"https:\/\/www.arenales.com.br\/blog\/celebracoes-em-alusao-ao-dia-trabalhador-sao-feitas-na-arenales\/"},"wordCount":195,"commentCount":0,"image":{"@id":"https:\/\/www.arenales.com.br\/blog\/celebracoes-em-alusao-ao-dia-trabalhador-sao-feitas-na-arenales\/#primaryimage"},"thumbnailUrl":"https:\/\/www.arenales.com.br\/blog\/wp-content\/uploads\/2020\/11\/capa_arenales.png","articleSection":["Not\u00edcias"],"inLanguage":"pt-BR","potentialAction":[{"@type":"CommentAction","name":"Comment","target":["https:\/\/www.arenales.com.br\/blog\/celebracoes-em-alusao-ao-dia-trabalhador-sao-feitas-na-arenales\/#respond"]}]},{"@type":"WebPage","@id":"https:\/\/www.arenales.com.br\/blog\/celebracoes-em-alusao-ao-dia-trabalhador-sao-feitas-na-arenales\/","url":"https:\/\/www.arenales.com.br\/blog\/celebracoes-em-alusao-ao-dia-trabalhador-sao-feitas-na-arenales\/","name":"Celebra\u00e7\u00f5es em alus\u00e3o ao Dia do Trabalhador s\u00e3o feitas na Arenales - Arenales | Blog","isPartOf":{"@id":"https:\/\/www.arenales.com.br\/blog\/#website"},"primaryImageOfPage":{"@id":"https:\/\/www.arenales.com.br\/blog\/celebracoes-em-alusao-ao-dia-trabalhador-sao-feitas-na-arenales\/#primaryimage"},"image":{"@id":"https:\/\/www.arenales.com.br\/blog\/celebracoes-em-alusao-ao-dia-trabalhador-sao-feitas-na-arenales\/#primaryimage"},"thumbnailUrl":"https:\/\/www.arenales.com.br\/blog\/wp-content\/uploads\/2020\/11\/capa_arenales.png","datePublished":"2019-05-03T16:17:16+00:00","author":{"@id":"https:\/\/www.arenales.com.br\/blog\/#\/schema\/person\/4b16e8118397dad78148183d61788f70"},"description":"Leia sobre Celebra\u00e7\u00f5es em alus\u00e3o ao Dia do Trabalhador s\u00e3o feitas na Arenales, aqui na Arenales | Blog - Not\u00edcias sobre Homeopatia Animal","breadcrumb":{"@id":"https:\/\/www.arenales.com.br\/blog\/celebracoes-em-alusao-ao-dia-trabalhador-sao-feitas-na-arenales\/#breadcrumb"},"inLanguage":"pt-BR","potentialAction":[{"@type":"ReadAction","target":["https:\/\/www.arenales.com.br\/blog\/celebracoes-em-alusao-ao-dia-trabalhador-sao-feitas-na-arenales\/"]}]},{"@type":"ImageObject","inLanguage":"pt-BR","@id":"https:\/\/www.arenales.com.br\/blog\/celebracoes-em-alusao-ao-dia-trabalhador-sao-feitas-na-arenales\/#primaryimage","url":"https:\/\/www.arenales.com.br\/blog\/wp-content\/uploads\/2020\/11\/capa_arenales.png","contentUrl":"https:\/\/www.arenales.com.br\/blog\/wp-content\/uploads\/2020\/11\/capa_arenales.png","width":1200,"height":628},{"@type":"BreadcrumbList","@id":"https:\/\/www.arenales.com.br\/blog\/celebracoes-em-alusao-ao-dia-trabalhador-sao-feitas-na-arenales\/#breadcrumb","itemListElement":[{"@type":"ListItem","position":1,"name":"In\u00edcio","item":"https:\/\/www.arenales.com.br\/blog\/"},{"@type":"ListItem","position":2,"name":"Celebra\u00e7\u00f5es em alus\u00e3o ao Dia do Trabalhador s\u00e3o feitas na Arenales"}]},{"@type":"WebSite","@id":"https:\/\/www.arenales.com.br\/blog\/#website","url":"https:\/\/www.arenales.com.br\/blog\/","name":"Arenales | Blog","description":"Not\u00edcias sobre Homeopatia Animal","potentialAction":[{"@type":"SearchAction","target":{"@type":"EntryPoint","urlTemplate":"https:\/\/www.arenales.com.br\/blog\/?s={search_term_string}"},"query-input":{"@type":"PropertyValueSpecification","valueRequired":true,"valueName":"search_term_string"}}],"inLanguage":"pt-BR"},{"@type":"Person","@id":"https:\/\/www.arenales.com.br\/blog\/#\/schema\/person\/4b16e8118397dad78148183d61788f70","name":"Redator Oxigenweb","image":{"@type":"ImageObject","inLanguage":"pt-BR","@id":"https:\/\/www.arenales.com.br\/blog\/#\/schema\/person\/image\/","url":"https:\/\/secure.gravatar.com\/avatar\/ff2ae70070243f5b9bcec4c798c21fce81251988fc5ea61e314458603dcb0508?s=96&d=mm&r=g","contentUrl":"https:\/\/secure.gravatar.com\/avatar\/ff2ae70070243f5b9bcec4c798c21fce81251988fc5ea61e314458603dcb0508?s=96&d=mm&r=g","caption":"Redator Oxigenweb"},"url":"https:\/\/www.arenales.com.br\/blog\/author\/redatoro2\/"}]}},"_links":{"self":[{"href":"https:\/\/www.arenales.com.br\/blog\/wp-json\/wp\/v2\/posts\/1112","targetHints":{"allow":["GET"]}}],"collection":[{"href":"https:\/\/www.arenales.com.br\/blog\/wp-json\/wp\/v2\/posts"}],"about":[{"href":"https:\/\/www.arenales.com.br\/blog\/wp-json\/wp\/v2\/types\/post"}],"author":[{"embeddable":true,"href":"https:\/\/www.arenales.com.br\/blog\/wp-json\/wp\/v2\/users\/5"}],"replies":[{"embeddable":true,"href":"https:\/\/www.arenales.com.br\/blog\/wp-json\/wp\/v2\/comments?post=1112"}],"version-history":[{"count":0,"href":"https:\/\/www.arenales.com.br\/blog\/wp-json\/wp\/v2\/posts\/1112\/revisions"}],"wp:featuredmedia":[{"embeddable":true,"href":"https:\/\/www.arenales.com.br\/blog\/wp-json\/wp\/v2\/media\/1193"}],"wp:attachment":[{"href":"https:\/\/www.arenales.com.br\/blog\/wp-json\/wp\/v2\/media?parent=1112"}],"wp:term":[{"taxonomy":"category","embeddable":true,"href":"https:\/\/www.arenales.com.br\/blog\/wp-json\/wp\/v2\/categories?post=1112"},{"taxonomy":"post_tag","embeddable":true,"href":"https:\/\/www.arenales.com.br\/blog\/wp-json\/wp\/v2\/tags?post=1112"}],"curies":[{"name":"wp","href":"https:\/\/api.w.org\/{rel}","templated":true}]}}