{"id":1108,"date":"2019-04-09T21:33:38","date_gmt":"2019-04-10T00:33:38","guid":{"rendered":"https:\/\/arenales.com.br\/?p=7028"},"modified":"2019-04-09T21:36:57","modified_gmt":"2019-04-10T00:36:57","slug":"tecnoshow-vai-ate-dia-12-de-abril-com-presenca-da-arenales","status":"publish","type":"post","link":"https:\/\/www.arenales.com.br\/blog\/tecnoshow-vai-ate-dia-12-de-abril-com-presenca-da-arenales\/","title":{"rendered":"Tecnoshow vai at\u00e9 dia 12 de abril com presen\u00e7a da Arenales"},"content":{"rendered":"<p><!--:pt-->Realizada no Centro Tecnol\u00f3gico Comigo (CTC), localizado no Anel Vi\u00e1rio Paulo Campos, km 7, em Rio Verde &#8211; GO, est\u00e1 sendo realizada a Tecnoshow 2019 com a presen\u00e7a da distribuidora da Arenales Homeopatianimal na regi\u00e3o, a Rural M\u00e1quinas.<\/p>\n<p>A empresa est\u00e1 com um stand no evento para atender clientes e parceiros que desejam ou j\u00e1 tratam os animais com homeopatia veterin\u00e1ria. <\/p>\n\n<p><strong>Sobre a Tecnoshow &#8211; <\/strong>Atualmente, a \u00e1rea da Feira conta com mais de 130 hectares destinados aos experimentos agropecu\u00e1rios, objetivo principal da Cooperativa ao adquirir referida \u00e1rea. A Comigo participa diretamente da pesquisa na regi\u00e3o, desde 1984, quando firmou inicialmente conv\u00eanio com a Emgopa, depois Universidade de Rio Verde (UniRV), Embrapa e outras institui\u00e7\u00f5es.<\/p>\n<p>A Cooperativa foi uma das respons\u00e1veis pela cria\u00e7\u00e3o e execu\u00e7\u00e3o do Programa Renda Real (1997 a 1999), dentro do F\u00f3rum Nacional da Agricultura (FNA), onde o presidente da COMIGO, Antonio Chavaglia, era o coordenador do Grupo de Trabalho Milho, Soja e Sorgo, em \u00e2mbito nacional.<\/p>\n<p>O Renda Real reuniu as entidades da regi\u00e3o e algumas empresas (COMIGO, APG, Banco do Brasil, Sindicato Rural, Faeg, Emater-GO, Ceagro, Clube Amigos da Terra, prefeituras de Rio Verde e Montividiu, Senar-GO) para desenvolver trabalhos experimentais, com destaque para o concurso Perdas na Colheita. Aconteceram tr\u00eas encontros anuais para a demonstra\u00e7\u00e3o dos experimentos, na fazenda Rio Verdinho, do cooperado Bruno Abreu Le\u00e3o, em Rio Verde.<\/p>\n<p>Logo que o Renda Real encerrou seu ciclo, os cooperados solicitaram \u00e0 COMIGO que investisse em \u00e1rea pr\u00f3pria, exclusivamente para conduzir trabalhos de pesquisa para o campo. Isso evitaria perdas de tempo e de dinheiro com testes nas fazendas dos cooperados. A Cooperativa, assim, adquiriu a \u00e1rea do CTC. Ele foi inaugurado em 2002 quando do Encontro Tecnol\u00f3gico COMIGO (de tr\u00eas dias de dura\u00e7\u00e3o), evento que se repetiu em 2003, utilizando cerca de 50 hectares do CTC.<\/p>\n<p>Paralelamente, a Cooperativa passou a realizar experimentos em parceria com outras entidades (principalmente Fesurv e Embrapa) no restante da \u00e1rea. Em agosto de cada ano mostrava os resultados destes trabalhos aos produtores rurais, em um grande Workshop.<\/p>\n<p>Nos quatro anos que se seguiram a Comigo firmaria parceria com o Sistema Agrishow, de Ribeir\u00e3o Preto, para a realiza\u00e7\u00e3o da feira sob o nome Agrishow Comigo. A partir de 2008, sozinha, ela passou a organizar o evento, findo o contrato com a Agrishow.<\/p>\n<p>Hoje, j\u00e1 conhecida em todo o pa\u00eds, a Tecnoshow Comigo (nome atual) est\u00e1 solidificada. Refer\u00eancia em feiras do g\u00eanero no Brasil, ela goza de grande prest\u00edgio, atraindo a aten\u00e7\u00e3o de expositores e visitantes, inclusive de outros pa\u00edses.<\/p>\n","protected":false},"excerpt":{"rendered":"<p>Realizada no Centro Tecnol\u00f3gico Comigo (CTC), localizado no Anel Vi\u00e1rio Paulo Campos, km 7, em Rio Verde &#8211; GO, est\u00e1 sendo realizada a Tecnoshow 2019 com a presen\u00e7a da distribuidora da Arenales Homeopatianimal na regi\u00e3o, a Rural M\u00e1quinas. A empresa est\u00e1 com um stand no evento para atender clientes e parceiros que desejam ou j\u00e1&#8230;<\/p>\n","protected":false},"author":5,"featured_media":1193,"comment_status":"open","ping_status":"open","sticky":false,"template":"","format":"standard","meta":{"footnotes":""},"categories":[1],"tags":[],"class_list":["post-1108","post","type-post","status-publish","format-standard","has-post-thumbnail","hentry","category-noticias"],"yoast_head":"<!-- This site is optimized with the Yoast SEO plugin v27.0 - https:\/\/yoast.com\/product\/yoast-seo-wordpress\/ -->\n<title>Tecnoshow vai at\u00e9 dia 12 de abril com presen\u00e7a da Arenales - Arenales | Blog<\/title>\n<meta name=\"description\" content=\"Leia sobre Tecnoshow vai at\u00e9 dia 12 de abril com presen\u00e7a da Arenales, aqui na Arenales | Blog - Not\u00edcias sobre Homeopatia Animal\" \/>\n<meta name=\"robots\" content=\"index, follow, max-snippet:-1, max-image-preview:large, max-video-preview:-1\" \/>\n<link rel=\"canonical\" href=\"https:\/\/www.arenales.com.br\/blog\/tecnoshow-vai-ate-dia-12-de-abril-com-presenca-da-arenales\/\" \/>\n<meta property=\"og:locale\" content=\"pt_BR\" \/>\n<meta property=\"og:type\" content=\"article\" \/>\n<meta property=\"og:title\" content=\"Tecnoshow vai at\u00e9 dia 12 de abril com presen\u00e7a da Arenales - Arenales | Blog\" \/>\n<meta property=\"og:description\" content=\"Leia sobre Tecnoshow vai at\u00e9 dia 12 de abril com presen\u00e7a da Arenales, aqui na Arenales | Blog - Not\u00edcias sobre Homeopatia Animal\" \/>\n<meta property=\"og:url\" content=\"https:\/\/www.arenales.com.br\/blog\/tecnoshow-vai-ate-dia-12-de-abril-com-presenca-da-arenales\/\" \/>\n<meta property=\"og:site_name\" content=\"Arenales | Blog\" \/>\n<meta property=\"article:published_time\" content=\"2019-04-10T00:33:38+00:00\" \/>\n<meta property=\"article:modified_time\" content=\"2019-04-10T00:36:57+00:00\" \/>\n<meta property=\"og:image\" content=\"https:\/\/www.arenales.com.br\/blog\/wp-content\/uploads\/2020\/11\/capa_arenales.png\" \/>\n\t<meta property=\"og:image:width\" content=\"1200\" \/>\n\t<meta property=\"og:image:height\" content=\"628\" \/>\n\t<meta property=\"og:image:type\" content=\"image\/png\" \/>\n<meta name=\"author\" content=\"Redator Oxigenweb\" \/>\n<meta name=\"twitter:card\" content=\"summary_large_image\" \/>\n<meta name=\"twitter:label1\" content=\"Escrito por\" \/>\n\t<meta name=\"twitter:data1\" content=\"Redator Oxigenweb\" \/>\n\t<meta name=\"twitter:label2\" content=\"Est. tempo de leitura\" \/>\n\t<meta name=\"twitter:data2\" content=\"2 minutos\" \/>\n<script type=\"application\/ld+json\" class=\"yoast-schema-graph\">{\"@context\":\"https:\/\/schema.org\",\"@graph\":[{\"@type\":\"Article\",\"@id\":\"https:\/\/www.arenales.com.br\/blog\/tecnoshow-vai-ate-dia-12-de-abril-com-presenca-da-arenales\/#article\",\"isPartOf\":{\"@id\":\"https:\/\/www.arenales.com.br\/blog\/tecnoshow-vai-ate-dia-12-de-abril-com-presenca-da-arenales\/\"},\"author\":{\"name\":\"Redator Oxigenweb\",\"@id\":\"https:\/\/www.arenales.com.br\/blog\/#\/schema\/person\/4b16e8118397dad78148183d61788f70\"},\"headline\":\"Tecnoshow vai at\u00e9 dia 12 de abril com presen\u00e7a da Arenales\",\"datePublished\":\"2019-04-10T00:33:38+00:00\",\"dateModified\":\"2019-04-10T00:36:57+00:00\",\"mainEntityOfPage\":{\"@id\":\"https:\/\/www.arenales.com.br\/blog\/tecnoshow-vai-ate-dia-12-de-abril-com-presenca-da-arenales\/\"},\"wordCount\":455,\"commentCount\":0,\"image\":{\"@id\":\"https:\/\/www.arenales.com.br\/blog\/tecnoshow-vai-ate-dia-12-de-abril-com-presenca-da-arenales\/#primaryimage\"},\"thumbnailUrl\":\"https:\/\/www.arenales.com.br\/blog\/wp-content\/uploads\/2020\/11\/capa_arenales.png\",\"articleSection\":[\"Not\u00edcias\"],\"inLanguage\":\"pt-BR\",\"potentialAction\":[{\"@type\":\"CommentAction\",\"name\":\"Comment\",\"target\":[\"https:\/\/www.arenales.com.br\/blog\/tecnoshow-vai-ate-dia-12-de-abril-com-presenca-da-arenales\/#respond\"]}]},{\"@type\":\"WebPage\",\"@id\":\"https:\/\/www.arenales.com.br\/blog\/tecnoshow-vai-ate-dia-12-de-abril-com-presenca-da-arenales\/\",\"url\":\"https:\/\/www.arenales.com.br\/blog\/tecnoshow-vai-ate-dia-12-de-abril-com-presenca-da-arenales\/\",\"name\":\"Tecnoshow vai at\u00e9 dia 12 de abril com presen\u00e7a da Arenales - Arenales | Blog\",\"isPartOf\":{\"@id\":\"https:\/\/www.arenales.com.br\/blog\/#website\"},\"primaryImageOfPage\":{\"@id\":\"https:\/\/www.arenales.com.br\/blog\/tecnoshow-vai-ate-dia-12-de-abril-com-presenca-da-arenales\/#primaryimage\"},\"image\":{\"@id\":\"https:\/\/www.arenales.com.br\/blog\/tecnoshow-vai-ate-dia-12-de-abril-com-presenca-da-arenales\/#primaryimage\"},\"thumbnailUrl\":\"https:\/\/www.arenales.com.br\/blog\/wp-content\/uploads\/2020\/11\/capa_arenales.png\",\"datePublished\":\"2019-04-10T00:33:38+00:00\",\"dateModified\":\"2019-04-10T00:36:57+00:00\",\"author\":{\"@id\":\"https:\/\/www.arenales.com.br\/blog\/#\/schema\/person\/4b16e8118397dad78148183d61788f70\"},\"description\":\"Leia sobre Tecnoshow vai at\u00e9 dia 12 de abril com presen\u00e7a da Arenales, aqui na Arenales | Blog - Not\u00edcias sobre Homeopatia Animal\",\"breadcrumb\":{\"@id\":\"https:\/\/www.arenales.com.br\/blog\/tecnoshow-vai-ate-dia-12-de-abril-com-presenca-da-arenales\/#breadcrumb\"},\"inLanguage\":\"pt-BR\",\"potentialAction\":[{\"@type\":\"ReadAction\",\"target\":[\"https:\/\/www.arenales.com.br\/blog\/tecnoshow-vai-ate-dia-12-de-abril-com-presenca-da-arenales\/\"]}]},{\"@type\":\"ImageObject\",\"inLanguage\":\"pt-BR\",\"@id\":\"https:\/\/www.arenales.com.br\/blog\/tecnoshow-vai-ate-dia-12-de-abril-com-presenca-da-arenales\/#primaryimage\",\"url\":\"https:\/\/www.arenales.com.br\/blog\/wp-content\/uploads\/2020\/11\/capa_arenales.png\",\"contentUrl\":\"https:\/\/www.arenales.com.br\/blog\/wp-content\/uploads\/2020\/11\/capa_arenales.png\",\"width\":1200,\"height\":628},{\"@type\":\"BreadcrumbList\",\"@id\":\"https:\/\/www.arenales.com.br\/blog\/tecnoshow-vai-ate-dia-12-de-abril-com-presenca-da-arenales\/#breadcrumb\",\"itemListElement\":[{\"@type\":\"ListItem\",\"position\":1,\"name\":\"In\u00edcio\",\"item\":\"https:\/\/www.arenales.com.br\/blog\/\"},{\"@type\":\"ListItem\",\"position\":2,\"name\":\"Tecnoshow vai at\u00e9 dia 12 de abril com presen\u00e7a da Arenales\"}]},{\"@type\":\"WebSite\",\"@id\":\"https:\/\/www.arenales.com.br\/blog\/#website\",\"url\":\"https:\/\/www.arenales.com.br\/blog\/\",\"name\":\"Arenales | Blog\",\"description\":\"Not\u00edcias sobre Homeopatia Animal\",\"potentialAction\":[{\"@type\":\"SearchAction\",\"target\":{\"@type\":\"EntryPoint\",\"urlTemplate\":\"https:\/\/www.arenales.com.br\/blog\/?s={search_term_string}\"},\"query-input\":{\"@type\":\"PropertyValueSpecification\",\"valueRequired\":true,\"valueName\":\"search_term_string\"}}],\"inLanguage\":\"pt-BR\"},{\"@type\":\"Person\",\"@id\":\"https:\/\/www.arenales.com.br\/blog\/#\/schema\/person\/4b16e8118397dad78148183d61788f70\",\"name\":\"Redator Oxigenweb\",\"image\":{\"@type\":\"ImageObject\",\"inLanguage\":\"pt-BR\",\"@id\":\"https:\/\/www.arenales.com.br\/blog\/#\/schema\/person\/image\/\",\"url\":\"https:\/\/secure.gravatar.com\/avatar\/ff2ae70070243f5b9bcec4c798c21fce81251988fc5ea61e314458603dcb0508?s=96&d=mm&r=g\",\"contentUrl\":\"https:\/\/secure.gravatar.com\/avatar\/ff2ae70070243f5b9bcec4c798c21fce81251988fc5ea61e314458603dcb0508?s=96&d=mm&r=g\",\"caption\":\"Redator Oxigenweb\"},\"url\":\"https:\/\/www.arenales.com.br\/blog\/author\/redatoro2\/\"}]}<\/script>\n<!-- \/ Yoast SEO plugin. -->","yoast_head_json":{"title":"Tecnoshow vai at\u00e9 dia 12 de abril com presen\u00e7a da Arenales - Arenales | Blog","description":"Leia sobre Tecnoshow vai at\u00e9 dia 12 de abril com presen\u00e7a da Arenales, aqui na Arenales | Blog - Not\u00edcias sobre Homeopatia Animal","robots":{"index":"index","follow":"follow","max-snippet":"max-snippet:-1","max-image-preview":"max-image-preview:large","max-video-preview":"max-video-preview:-1"},"canonical":"https:\/\/www.arenales.com.br\/blog\/tecnoshow-vai-ate-dia-12-de-abril-com-presenca-da-arenales\/","og_locale":"pt_BR","og_type":"article","og_title":"Tecnoshow vai at\u00e9 dia 12 de abril com presen\u00e7a da Arenales - Arenales | Blog","og_description":"Leia sobre Tecnoshow vai at\u00e9 dia 12 de abril com presen\u00e7a da Arenales, aqui na Arenales | Blog - Not\u00edcias sobre Homeopatia Animal","og_url":"https:\/\/www.arenales.com.br\/blog\/tecnoshow-vai-ate-dia-12-de-abril-com-presenca-da-arenales\/","og_site_name":"Arenales | Blog","article_published_time":"2019-04-10T00:33:38+00:00","article_modified_time":"2019-04-10T00:36:57+00:00","og_image":[{"width":1200,"height":628,"url":"https:\/\/www.arenales.com.br\/blog\/wp-content\/uploads\/2020\/11\/capa_arenales.png","type":"image\/png"}],"author":"Redator Oxigenweb","twitter_card":"summary_large_image","twitter_misc":{"Escrito por":"Redator Oxigenweb","Est. tempo de leitura":"2 minutos"},"schema":{"@context":"https:\/\/schema.org","@graph":[{"@type":"Article","@id":"https:\/\/www.arenales.com.br\/blog\/tecnoshow-vai-ate-dia-12-de-abril-com-presenca-da-arenales\/#article","isPartOf":{"@id":"https:\/\/www.arenales.com.br\/blog\/tecnoshow-vai-ate-dia-12-de-abril-com-presenca-da-arenales\/"},"author":{"name":"Redator Oxigenweb","@id":"https:\/\/www.arenales.com.br\/blog\/#\/schema\/person\/4b16e8118397dad78148183d61788f70"},"headline":"Tecnoshow vai at\u00e9 dia 12 de abril com presen\u00e7a da Arenales","datePublished":"2019-04-10T00:33:38+00:00","dateModified":"2019-04-10T00:36:57+00:00","mainEntityOfPage":{"@id":"https:\/\/www.arenales.com.br\/blog\/tecnoshow-vai-ate-dia-12-de-abril-com-presenca-da-arenales\/"},"wordCount":455,"commentCount":0,"image":{"@id":"https:\/\/www.arenales.com.br\/blog\/tecnoshow-vai-ate-dia-12-de-abril-com-presenca-da-arenales\/#primaryimage"},"thumbnailUrl":"https:\/\/www.arenales.com.br\/blog\/wp-content\/uploads\/2020\/11\/capa_arenales.png","articleSection":["Not\u00edcias"],"inLanguage":"pt-BR","potentialAction":[{"@type":"CommentAction","name":"Comment","target":["https:\/\/www.arenales.com.br\/blog\/tecnoshow-vai-ate-dia-12-de-abril-com-presenca-da-arenales\/#respond"]}]},{"@type":"WebPage","@id":"https:\/\/www.arenales.com.br\/blog\/tecnoshow-vai-ate-dia-12-de-abril-com-presenca-da-arenales\/","url":"https:\/\/www.arenales.com.br\/blog\/tecnoshow-vai-ate-dia-12-de-abril-com-presenca-da-arenales\/","name":"Tecnoshow vai at\u00e9 dia 12 de abril com presen\u00e7a da Arenales - Arenales | Blog","isPartOf":{"@id":"https:\/\/www.arenales.com.br\/blog\/#website"},"primaryImageOfPage":{"@id":"https:\/\/www.arenales.com.br\/blog\/tecnoshow-vai-ate-dia-12-de-abril-com-presenca-da-arenales\/#primaryimage"},"image":{"@id":"https:\/\/www.arenales.com.br\/blog\/tecnoshow-vai-ate-dia-12-de-abril-com-presenca-da-arenales\/#primaryimage"},"thumbnailUrl":"https:\/\/www.arenales.com.br\/blog\/wp-content\/uploads\/2020\/11\/capa_arenales.png","datePublished":"2019-04-10T00:33:38+00:00","dateModified":"2019-04-10T00:36:57+00:00","author":{"@id":"https:\/\/www.arenales.com.br\/blog\/#\/schema\/person\/4b16e8118397dad78148183d61788f70"},"description":"Leia sobre Tecnoshow vai at\u00e9 dia 12 de abril com presen\u00e7a da Arenales, aqui na Arenales | Blog - Not\u00edcias sobre Homeopatia Animal","breadcrumb":{"@id":"https:\/\/www.arenales.com.br\/blog\/tecnoshow-vai-ate-dia-12-de-abril-com-presenca-da-arenales\/#breadcrumb"},"inLanguage":"pt-BR","potentialAction":[{"@type":"ReadAction","target":["https:\/\/www.arenales.com.br\/blog\/tecnoshow-vai-ate-dia-12-de-abril-com-presenca-da-arenales\/"]}]},{"@type":"ImageObject","inLanguage":"pt-BR","@id":"https:\/\/www.arenales.com.br\/blog\/tecnoshow-vai-ate-dia-12-de-abril-com-presenca-da-arenales\/#primaryimage","url":"https:\/\/www.arenales.com.br\/blog\/wp-content\/uploads\/2020\/11\/capa_arenales.png","contentUrl":"https:\/\/www.arenales.com.br\/blog\/wp-content\/uploads\/2020\/11\/capa_arenales.png","width":1200,"height":628},{"@type":"BreadcrumbList","@id":"https:\/\/www.arenales.com.br\/blog\/tecnoshow-vai-ate-dia-12-de-abril-com-presenca-da-arenales\/#breadcrumb","itemListElement":[{"@type":"ListItem","position":1,"name":"In\u00edcio","item":"https:\/\/www.arenales.com.br\/blog\/"},{"@type":"ListItem","position":2,"name":"Tecnoshow vai at\u00e9 dia 12 de abril com presen\u00e7a da Arenales"}]},{"@type":"WebSite","@id":"https:\/\/www.arenales.com.br\/blog\/#website","url":"https:\/\/www.arenales.com.br\/blog\/","name":"Arenales | Blog","description":"Not\u00edcias sobre Homeopatia Animal","potentialAction":[{"@type":"SearchAction","target":{"@type":"EntryPoint","urlTemplate":"https:\/\/www.arenales.com.br\/blog\/?s={search_term_string}"},"query-input":{"@type":"PropertyValueSpecification","valueRequired":true,"valueName":"search_term_string"}}],"inLanguage":"pt-BR"},{"@type":"Person","@id":"https:\/\/www.arenales.com.br\/blog\/#\/schema\/person\/4b16e8118397dad78148183d61788f70","name":"Redator Oxigenweb","image":{"@type":"ImageObject","inLanguage":"pt-BR","@id":"https:\/\/www.arenales.com.br\/blog\/#\/schema\/person\/image\/","url":"https:\/\/secure.gravatar.com\/avatar\/ff2ae70070243f5b9bcec4c798c21fce81251988fc5ea61e314458603dcb0508?s=96&d=mm&r=g","contentUrl":"https:\/\/secure.gravatar.com\/avatar\/ff2ae70070243f5b9bcec4c798c21fce81251988fc5ea61e314458603dcb0508?s=96&d=mm&r=g","caption":"Redator Oxigenweb"},"url":"https:\/\/www.arenales.com.br\/blog\/author\/redatoro2\/"}]}},"_links":{"self":[{"href":"https:\/\/www.arenales.com.br\/blog\/wp-json\/wp\/v2\/posts\/1108","targetHints":{"allow":["GET"]}}],"collection":[{"href":"https:\/\/www.arenales.com.br\/blog\/wp-json\/wp\/v2\/posts"}],"about":[{"href":"https:\/\/www.arenales.com.br\/blog\/wp-json\/wp\/v2\/types\/post"}],"author":[{"embeddable":true,"href":"https:\/\/www.arenales.com.br\/blog\/wp-json\/wp\/v2\/users\/5"}],"replies":[{"embeddable":true,"href":"https:\/\/www.arenales.com.br\/blog\/wp-json\/wp\/v2\/comments?post=1108"}],"version-history":[{"count":0,"href":"https:\/\/www.arenales.com.br\/blog\/wp-json\/wp\/v2\/posts\/1108\/revisions"}],"wp:featuredmedia":[{"embeddable":true,"href":"https:\/\/www.arenales.com.br\/blog\/wp-json\/wp\/v2\/media\/1193"}],"wp:attachment":[{"href":"https:\/\/www.arenales.com.br\/blog\/wp-json\/wp\/v2\/media?parent=1108"}],"wp:term":[{"taxonomy":"category","embeddable":true,"href":"https:\/\/www.arenales.com.br\/blog\/wp-json\/wp\/v2\/categories?post=1108"},{"taxonomy":"post_tag","embeddable":true,"href":"https:\/\/www.arenales.com.br\/blog\/wp-json\/wp\/v2\/tags?post=1108"}],"curies":[{"name":"wp","href":"https:\/\/api.w.org\/{rel}","templated":true}]}}