{"id":1094,"date":"2019-01-23T16:29:38","date_gmt":"2019-01-23T19:29:38","guid":{"rendered":"https:\/\/arenales.com.br\/?p=6929"},"modified":"2019-01-23T16:29:38","modified_gmt":"2019-01-23T19:29:38","slug":"arenales-e-presenca-confirmada-na-show-rural","status":"publish","type":"post","link":"https:\/\/www.arenales.com.br\/blog\/arenales-e-presenca-confirmada-na-show-rural\/","title":{"rendered":"Arenales \u00e9 presen\u00e7a confirmada na Show Rural"},"content":{"rendered":"<p><!--:pt--><a href=\"https:\/\/www.arenales.com.br\/blog\/wp-content\/uploads\/2019\/01\/Show-Rural.jpg\"><img loading=\"lazy\" decoding=\"async\" src=\"https:\/\/www.arenales.com.br\/blog\/wp-content\/uploads\/2019\/01\/Show-Rural-253x300.jpg\" alt=\"Show Rural\" width=\"253\" height=\"300\" class=\"alignright size-medium wp-image-6930\" \/><\/a>A Arenales Homeopatianimal em parceria com a Agroleite da regi\u00e3o oeste e Vizivet do sudoeste do Paran\u00e1 que revendem os medicamentos da empresa estar\u00e3o presentes no evento na 31\u00aa Edi\u00e7\u00e3o do Show Rural Coopavel. <\/p>\n<p>O evento que ser\u00e1 realizado entre os dias 4 e 8 de fevereiro numa \u00e1rea de 720 mil metros quadrados \u00e0s margens da BR-277, no km 577, em Cascavel (PR).<\/p>\n<p>Ao todo mais de 520 expositores estar\u00e3o presentes no evento que trar\u00e1 o que h\u00e1 de mais novo em tecnologia e ci\u00eancia para as pessoas ligadas ao campo. <\/p>\n<p>A Arenales vai estar apresentando os resultados obtidos no campo em rela\u00e7\u00e3o ao controle e preven\u00e7\u00e3o de parasitos e doen\u00e7as nos animais, al\u00e9m de fortalecer os la\u00e7os com os parceiros da empresa. <\/p>\n<p>Aos interessados em saber mais informa\u00e7\u00f5es sobre o evento, basta <a href=\"#\">clicar aqui<\/a>. <\/p>\n","protected":false},"excerpt":{"rendered":"<p>A Arenales Homeopatianimal em parceria com a Agroleite da regi\u00e3o oeste e Vizivet do sudoeste do Paran\u00e1 que revendem os medicamentos da empresa estar\u00e3o presentes no evento na 31\u00aa Edi\u00e7\u00e3o do Show Rural Coopavel. O evento que ser\u00e1 realizado entre os dias 4 e 8 de fevereiro numa \u00e1rea de 720 mil metros quadrados \u00e0s&#8230;<\/p>\n","protected":false},"author":5,"featured_media":1193,"comment_status":"open","ping_status":"open","sticky":false,"template":"","format":"standard","meta":{"footnotes":""},"categories":[1],"tags":[],"class_list":["post-1094","post","type-post","status-publish","format-standard","has-post-thumbnail","hentry","category-noticias"],"yoast_head":"<!-- This site is optimized with the Yoast SEO plugin v27.0 - https:\/\/yoast.com\/product\/yoast-seo-wordpress\/ -->\n<title>Arenales \u00e9 presen\u00e7a confirmada na Show Rural - Arenales | Blog<\/title>\n<meta name=\"description\" content=\"Leia sobre Arenales \u00e9 presen\u00e7a confirmada na Show Rural, aqui na Arenales | Blog - Not\u00edcias sobre Homeopatia Animal\" \/>\n<meta name=\"robots\" content=\"index, follow, max-snippet:-1, max-image-preview:large, max-video-preview:-1\" \/>\n<link rel=\"canonical\" href=\"https:\/\/www.arenales.com.br\/blog\/arenales-e-presenca-confirmada-na-show-rural\/\" \/>\n<meta property=\"og:locale\" content=\"pt_BR\" \/>\n<meta property=\"og:type\" content=\"article\" \/>\n<meta property=\"og:title\" content=\"Arenales \u00e9 presen\u00e7a confirmada na Show Rural - Arenales | Blog\" \/>\n<meta property=\"og:description\" content=\"Leia sobre Arenales \u00e9 presen\u00e7a confirmada na Show Rural, aqui na Arenales | Blog - Not\u00edcias sobre Homeopatia Animal\" \/>\n<meta property=\"og:url\" content=\"https:\/\/www.arenales.com.br\/blog\/arenales-e-presenca-confirmada-na-show-rural\/\" \/>\n<meta property=\"og:site_name\" content=\"Arenales | Blog\" \/>\n<meta property=\"article:published_time\" content=\"2019-01-23T19:29:38+00:00\" \/>\n<meta property=\"og:image\" content=\"https:\/\/www.arenales.com.br\/blog\/wp-content\/uploads\/2020\/11\/capa_arenales.png\" \/>\n\t<meta property=\"og:image:width\" content=\"1200\" \/>\n\t<meta property=\"og:image:height\" content=\"628\" \/>\n\t<meta property=\"og:image:type\" content=\"image\/png\" \/>\n<meta name=\"author\" content=\"Redator Oxigenweb\" \/>\n<meta name=\"twitter:card\" content=\"summary_large_image\" \/>\n<meta name=\"twitter:label1\" content=\"Escrito por\" \/>\n\t<meta name=\"twitter:data1\" content=\"Redator Oxigenweb\" \/>\n\t<meta name=\"twitter:label2\" content=\"Est. tempo de leitura\" \/>\n\t<meta name=\"twitter:data2\" content=\"1 minuto\" \/>\n<script type=\"application\/ld+json\" class=\"yoast-schema-graph\">{\"@context\":\"https:\/\/schema.org\",\"@graph\":[{\"@type\":\"Article\",\"@id\":\"https:\/\/www.arenales.com.br\/blog\/arenales-e-presenca-confirmada-na-show-rural\/#article\",\"isPartOf\":{\"@id\":\"https:\/\/www.arenales.com.br\/blog\/arenales-e-presenca-confirmada-na-show-rural\/\"},\"author\":{\"name\":\"Redator Oxigenweb\",\"@id\":\"https:\/\/www.arenales.com.br\/blog\/#\/schema\/person\/4b16e8118397dad78148183d61788f70\"},\"headline\":\"Arenales \u00e9 presen\u00e7a confirmada na Show Rural\",\"datePublished\":\"2019-01-23T19:29:38+00:00\",\"mainEntityOfPage\":{\"@id\":\"https:\/\/www.arenales.com.br\/blog\/arenales-e-presenca-confirmada-na-show-rural\/\"},\"wordCount\":148,\"commentCount\":0,\"image\":{\"@id\":\"https:\/\/www.arenales.com.br\/blog\/arenales-e-presenca-confirmada-na-show-rural\/#primaryimage\"},\"thumbnailUrl\":\"https:\/\/www.arenales.com.br\/blog\/wp-content\/uploads\/2020\/11\/capa_arenales.png\",\"articleSection\":[\"Not\u00edcias\"],\"inLanguage\":\"pt-BR\",\"potentialAction\":[{\"@type\":\"CommentAction\",\"name\":\"Comment\",\"target\":[\"https:\/\/www.arenales.com.br\/blog\/arenales-e-presenca-confirmada-na-show-rural\/#respond\"]}]},{\"@type\":\"WebPage\",\"@id\":\"https:\/\/www.arenales.com.br\/blog\/arenales-e-presenca-confirmada-na-show-rural\/\",\"url\":\"https:\/\/www.arenales.com.br\/blog\/arenales-e-presenca-confirmada-na-show-rural\/\",\"name\":\"Arenales \u00e9 presen\u00e7a confirmada na Show Rural - Arenales | Blog\",\"isPartOf\":{\"@id\":\"https:\/\/www.arenales.com.br\/blog\/#website\"},\"primaryImageOfPage\":{\"@id\":\"https:\/\/www.arenales.com.br\/blog\/arenales-e-presenca-confirmada-na-show-rural\/#primaryimage\"},\"image\":{\"@id\":\"https:\/\/www.arenales.com.br\/blog\/arenales-e-presenca-confirmada-na-show-rural\/#primaryimage\"},\"thumbnailUrl\":\"https:\/\/www.arenales.com.br\/blog\/wp-content\/uploads\/2020\/11\/capa_arenales.png\",\"datePublished\":\"2019-01-23T19:29:38+00:00\",\"author\":{\"@id\":\"https:\/\/www.arenales.com.br\/blog\/#\/schema\/person\/4b16e8118397dad78148183d61788f70\"},\"description\":\"Leia sobre Arenales \u00e9 presen\u00e7a confirmada na Show Rural, aqui na Arenales | Blog - Not\u00edcias sobre Homeopatia Animal\",\"breadcrumb\":{\"@id\":\"https:\/\/www.arenales.com.br\/blog\/arenales-e-presenca-confirmada-na-show-rural\/#breadcrumb\"},\"inLanguage\":\"pt-BR\",\"potentialAction\":[{\"@type\":\"ReadAction\",\"target\":[\"https:\/\/www.arenales.com.br\/blog\/arenales-e-presenca-confirmada-na-show-rural\/\"]}]},{\"@type\":\"ImageObject\",\"inLanguage\":\"pt-BR\",\"@id\":\"https:\/\/www.arenales.com.br\/blog\/arenales-e-presenca-confirmada-na-show-rural\/#primaryimage\",\"url\":\"https:\/\/www.arenales.com.br\/blog\/wp-content\/uploads\/2020\/11\/capa_arenales.png\",\"contentUrl\":\"https:\/\/www.arenales.com.br\/blog\/wp-content\/uploads\/2020\/11\/capa_arenales.png\",\"width\":1200,\"height\":628},{\"@type\":\"BreadcrumbList\",\"@id\":\"https:\/\/www.arenales.com.br\/blog\/arenales-e-presenca-confirmada-na-show-rural\/#breadcrumb\",\"itemListElement\":[{\"@type\":\"ListItem\",\"position\":1,\"name\":\"In\u00edcio\",\"item\":\"https:\/\/www.arenales.com.br\/blog\/\"},{\"@type\":\"ListItem\",\"position\":2,\"name\":\"Arenales \u00e9 presen\u00e7a confirmada na Show Rural\"}]},{\"@type\":\"WebSite\",\"@id\":\"https:\/\/www.arenales.com.br\/blog\/#website\",\"url\":\"https:\/\/www.arenales.com.br\/blog\/\",\"name\":\"Arenales | Blog\",\"description\":\"Not\u00edcias sobre Homeopatia Animal\",\"potentialAction\":[{\"@type\":\"SearchAction\",\"target\":{\"@type\":\"EntryPoint\",\"urlTemplate\":\"https:\/\/www.arenales.com.br\/blog\/?s={search_term_string}\"},\"query-input\":{\"@type\":\"PropertyValueSpecification\",\"valueRequired\":true,\"valueName\":\"search_term_string\"}}],\"inLanguage\":\"pt-BR\"},{\"@type\":\"Person\",\"@id\":\"https:\/\/www.arenales.com.br\/blog\/#\/schema\/person\/4b16e8118397dad78148183d61788f70\",\"name\":\"Redator Oxigenweb\",\"image\":{\"@type\":\"ImageObject\",\"inLanguage\":\"pt-BR\",\"@id\":\"https:\/\/www.arenales.com.br\/blog\/#\/schema\/person\/image\/\",\"url\":\"https:\/\/secure.gravatar.com\/avatar\/ff2ae70070243f5b9bcec4c798c21fce81251988fc5ea61e314458603dcb0508?s=96&d=mm&r=g\",\"contentUrl\":\"https:\/\/secure.gravatar.com\/avatar\/ff2ae70070243f5b9bcec4c798c21fce81251988fc5ea61e314458603dcb0508?s=96&d=mm&r=g\",\"caption\":\"Redator Oxigenweb\"},\"url\":\"https:\/\/www.arenales.com.br\/blog\/author\/redatoro2\/\"}]}<\/script>\n<!-- \/ Yoast SEO plugin. -->","yoast_head_json":{"title":"Arenales \u00e9 presen\u00e7a confirmada na Show Rural - Arenales | Blog","description":"Leia sobre Arenales \u00e9 presen\u00e7a confirmada na Show Rural, aqui na Arenales | Blog - Not\u00edcias sobre Homeopatia Animal","robots":{"index":"index","follow":"follow","max-snippet":"max-snippet:-1","max-image-preview":"max-image-preview:large","max-video-preview":"max-video-preview:-1"},"canonical":"https:\/\/www.arenales.com.br\/blog\/arenales-e-presenca-confirmada-na-show-rural\/","og_locale":"pt_BR","og_type":"article","og_title":"Arenales \u00e9 presen\u00e7a confirmada na Show Rural - Arenales | Blog","og_description":"Leia sobre Arenales \u00e9 presen\u00e7a confirmada na Show Rural, aqui na Arenales | Blog - Not\u00edcias sobre Homeopatia Animal","og_url":"https:\/\/www.arenales.com.br\/blog\/arenales-e-presenca-confirmada-na-show-rural\/","og_site_name":"Arenales | Blog","article_published_time":"2019-01-23T19:29:38+00:00","og_image":[{"width":1200,"height":628,"url":"https:\/\/www.arenales.com.br\/blog\/wp-content\/uploads\/2020\/11\/capa_arenales.png","type":"image\/png"}],"author":"Redator Oxigenweb","twitter_card":"summary_large_image","twitter_misc":{"Escrito por":"Redator Oxigenweb","Est. tempo de leitura":"1 minuto"},"schema":{"@context":"https:\/\/schema.org","@graph":[{"@type":"Article","@id":"https:\/\/www.arenales.com.br\/blog\/arenales-e-presenca-confirmada-na-show-rural\/#article","isPartOf":{"@id":"https:\/\/www.arenales.com.br\/blog\/arenales-e-presenca-confirmada-na-show-rural\/"},"author":{"name":"Redator Oxigenweb","@id":"https:\/\/www.arenales.com.br\/blog\/#\/schema\/person\/4b16e8118397dad78148183d61788f70"},"headline":"Arenales \u00e9 presen\u00e7a confirmada na Show Rural","datePublished":"2019-01-23T19:29:38+00:00","mainEntityOfPage":{"@id":"https:\/\/www.arenales.com.br\/blog\/arenales-e-presenca-confirmada-na-show-rural\/"},"wordCount":148,"commentCount":0,"image":{"@id":"https:\/\/www.arenales.com.br\/blog\/arenales-e-presenca-confirmada-na-show-rural\/#primaryimage"},"thumbnailUrl":"https:\/\/www.arenales.com.br\/blog\/wp-content\/uploads\/2020\/11\/capa_arenales.png","articleSection":["Not\u00edcias"],"inLanguage":"pt-BR","potentialAction":[{"@type":"CommentAction","name":"Comment","target":["https:\/\/www.arenales.com.br\/blog\/arenales-e-presenca-confirmada-na-show-rural\/#respond"]}]},{"@type":"WebPage","@id":"https:\/\/www.arenales.com.br\/blog\/arenales-e-presenca-confirmada-na-show-rural\/","url":"https:\/\/www.arenales.com.br\/blog\/arenales-e-presenca-confirmada-na-show-rural\/","name":"Arenales \u00e9 presen\u00e7a confirmada na Show Rural - Arenales | Blog","isPartOf":{"@id":"https:\/\/www.arenales.com.br\/blog\/#website"},"primaryImageOfPage":{"@id":"https:\/\/www.arenales.com.br\/blog\/arenales-e-presenca-confirmada-na-show-rural\/#primaryimage"},"image":{"@id":"https:\/\/www.arenales.com.br\/blog\/arenales-e-presenca-confirmada-na-show-rural\/#primaryimage"},"thumbnailUrl":"https:\/\/www.arenales.com.br\/blog\/wp-content\/uploads\/2020\/11\/capa_arenales.png","datePublished":"2019-01-23T19:29:38+00:00","author":{"@id":"https:\/\/www.arenales.com.br\/blog\/#\/schema\/person\/4b16e8118397dad78148183d61788f70"},"description":"Leia sobre Arenales \u00e9 presen\u00e7a confirmada na Show Rural, aqui na Arenales | Blog - Not\u00edcias sobre Homeopatia Animal","breadcrumb":{"@id":"https:\/\/www.arenales.com.br\/blog\/arenales-e-presenca-confirmada-na-show-rural\/#breadcrumb"},"inLanguage":"pt-BR","potentialAction":[{"@type":"ReadAction","target":["https:\/\/www.arenales.com.br\/blog\/arenales-e-presenca-confirmada-na-show-rural\/"]}]},{"@type":"ImageObject","inLanguage":"pt-BR","@id":"https:\/\/www.arenales.com.br\/blog\/arenales-e-presenca-confirmada-na-show-rural\/#primaryimage","url":"https:\/\/www.arenales.com.br\/blog\/wp-content\/uploads\/2020\/11\/capa_arenales.png","contentUrl":"https:\/\/www.arenales.com.br\/blog\/wp-content\/uploads\/2020\/11\/capa_arenales.png","width":1200,"height":628},{"@type":"BreadcrumbList","@id":"https:\/\/www.arenales.com.br\/blog\/arenales-e-presenca-confirmada-na-show-rural\/#breadcrumb","itemListElement":[{"@type":"ListItem","position":1,"name":"In\u00edcio","item":"https:\/\/www.arenales.com.br\/blog\/"},{"@type":"ListItem","position":2,"name":"Arenales \u00e9 presen\u00e7a confirmada na Show Rural"}]},{"@type":"WebSite","@id":"https:\/\/www.arenales.com.br\/blog\/#website","url":"https:\/\/www.arenales.com.br\/blog\/","name":"Arenales | Blog","description":"Not\u00edcias sobre Homeopatia Animal","potentialAction":[{"@type":"SearchAction","target":{"@type":"EntryPoint","urlTemplate":"https:\/\/www.arenales.com.br\/blog\/?s={search_term_string}"},"query-input":{"@type":"PropertyValueSpecification","valueRequired":true,"valueName":"search_term_string"}}],"inLanguage":"pt-BR"},{"@type":"Person","@id":"https:\/\/www.arenales.com.br\/blog\/#\/schema\/person\/4b16e8118397dad78148183d61788f70","name":"Redator Oxigenweb","image":{"@type":"ImageObject","inLanguage":"pt-BR","@id":"https:\/\/www.arenales.com.br\/blog\/#\/schema\/person\/image\/","url":"https:\/\/secure.gravatar.com\/avatar\/ff2ae70070243f5b9bcec4c798c21fce81251988fc5ea61e314458603dcb0508?s=96&d=mm&r=g","contentUrl":"https:\/\/secure.gravatar.com\/avatar\/ff2ae70070243f5b9bcec4c798c21fce81251988fc5ea61e314458603dcb0508?s=96&d=mm&r=g","caption":"Redator Oxigenweb"},"url":"https:\/\/www.arenales.com.br\/blog\/author\/redatoro2\/"}]}},"_links":{"self":[{"href":"https:\/\/www.arenales.com.br\/blog\/wp-json\/wp\/v2\/posts\/1094","targetHints":{"allow":["GET"]}}],"collection":[{"href":"https:\/\/www.arenales.com.br\/blog\/wp-json\/wp\/v2\/posts"}],"about":[{"href":"https:\/\/www.arenales.com.br\/blog\/wp-json\/wp\/v2\/types\/post"}],"author":[{"embeddable":true,"href":"https:\/\/www.arenales.com.br\/blog\/wp-json\/wp\/v2\/users\/5"}],"replies":[{"embeddable":true,"href":"https:\/\/www.arenales.com.br\/blog\/wp-json\/wp\/v2\/comments?post=1094"}],"version-history":[{"count":0,"href":"https:\/\/www.arenales.com.br\/blog\/wp-json\/wp\/v2\/posts\/1094\/revisions"}],"wp:featuredmedia":[{"embeddable":true,"href":"https:\/\/www.arenales.com.br\/blog\/wp-json\/wp\/v2\/media\/1193"}],"wp:attachment":[{"href":"https:\/\/www.arenales.com.br\/blog\/wp-json\/wp\/v2\/media?parent=1094"}],"wp:term":[{"taxonomy":"category","embeddable":true,"href":"https:\/\/www.arenales.com.br\/blog\/wp-json\/wp\/v2\/categories?post=1094"},{"taxonomy":"post_tag","embeddable":true,"href":"https:\/\/www.arenales.com.br\/blog\/wp-json\/wp\/v2\/tags?post=1094"}],"curies":[{"name":"wp","href":"https:\/\/api.w.org\/{rel}","templated":true}]}}