{"id":1083,"date":"2018-11-28T16:25:06","date_gmt":"2018-11-28T19:25:06","guid":{"rendered":"https:\/\/arenales.com.br\/?p=6800"},"modified":"2018-11-28T16:25:06","modified_gmt":"2018-11-28T19:25:06","slug":"arenales-vira-tema-de-reportagem-na-tv-por-acoes-voluntarias","status":"publish","type":"post","link":"https:\/\/www.arenales.com.br\/blog\/arenales-vira-tema-de-reportagem-na-tv-por-acoes-voluntarias\/","title":{"rendered":"Arenales vira tema de Reportagem na TV por a\u00e7\u00e3o volunt\u00e1ria"},"content":{"rendered":"<p><!--:pt--><a href=\"https:\/\/www.arenales.com.br\/blog\/wp-content\/uploads\/2018\/11\/Reportagem-TV-Fronteira-1.jpg\"><img loading=\"lazy\" decoding=\"async\" src=\"https:\/\/www.arenales.com.br\/blog\/wp-content\/uploads\/2018\/11\/Reportagem-TV-Fronteira-1-300x168.jpg\" alt=\"Reportagem TV Fronteira (1)\" width=\"300\" height=\"168\" class=\"alignright size-medium wp-image-6803\" \/><\/a>N\u00e3o \u00e9 para o individual e sim para o coletivo. \u00c9 este o pensamento da Arenales Homeopatianimal em rela\u00e7\u00e3o a tudo o que \u00e9 feito na empresa. Desde quando foi criada, a ind\u00fastria estimula a\u00e7\u00f5es volunt\u00e1rias dos colaboradores para que possam levar isso como lema de vida. <\/p>\n<p>A Arenales possui uma comiss\u00e3o interna que gerencia a\u00e7\u00f5es volunt\u00e1rias com a ado\u00e7\u00e3o de institui\u00e7\u00f5es carentes de Presidente Prudente (SP), cidade onde fica a matriz da empresa. S\u00e3o realizadas diversas a\u00e7\u00f5es para angariar recursos e ajudar no que as creches e locais adotados precisam. A empresa tamb\u00e9m promove festas de Dia das Crian\u00e7as, Natal com a distribui\u00e7\u00e3o de brindes e brinquedos.<\/p>\n<p>Uma das iniciativas volunt\u00e1rias \u00e9 a ajuda que a Arenales d\u00e1 a Cooperlix (Cooperativa de Catadores de Materiais Recicl\u00e1veis de Presidente Prudente).  Ao longo do ano a empresa estabelece uma parceria com o Sesi (Servi\u00e7o Social da Ind\u00fastria) da unidade da Vila Real. Com a realiza\u00e7\u00e3o de gincanas, os alunos levam os materiais recicl\u00e1veis para a escola, por meio da A\u00e7\u00e3o Volunt\u00e1ria da Arenales, os materiais s\u00e3o trazidos para o Eco Ponto no anexo da matriz da empresa e depois destinados \u00e0 Cooperativa. <\/p>\n<p>E algumas dessas iniciativas foram mostradas em uma reportagem especial sobre o voluntariado na TV Fronteira, Afiliada a Rede Globo. <a href=\"https:\/\/globoplay.globo.com\/v\/7166293\/programa\/\">Clique aqui <\/a>e assista na \u00edntegra o conte\u00fado. <\/p>\n","protected":false},"excerpt":{"rendered":"<p>N\u00e3o \u00e9 para o individual e sim para o coletivo. \u00c9 este o pensamento da Arenales Homeopatianimal em rela\u00e7\u00e3o a tudo o que \u00e9 feito na empresa. Desde quando foi criada, a ind\u00fastria estimula a\u00e7\u00f5es volunt\u00e1rias dos colaboradores para que possam levar isso como lema de vida. A Arenales possui uma comiss\u00e3o interna que gerencia&#8230;<\/p>\n","protected":false},"author":5,"featured_media":1193,"comment_status":"open","ping_status":"open","sticky":false,"template":"","format":"standard","meta":{"footnotes":""},"categories":[1],"tags":[],"class_list":["post-1083","post","type-post","status-publish","format-standard","has-post-thumbnail","hentry","category-noticias"],"yoast_head":"<!-- This site is optimized with the Yoast SEO plugin v27.0 - https:\/\/yoast.com\/product\/yoast-seo-wordpress\/ -->\n<title>Arenales vira tema de Reportagem na TV por a\u00e7\u00e3o volunt\u00e1ria - Arenales | Blog<\/title>\n<meta name=\"description\" content=\"Leia sobre Arenales vira tema de Reportagem na TV por a\u00e7\u00e3o volunt\u00e1ria, aqui na Arenales | Blog - Not\u00edcias sobre Homeopatia Animal\" \/>\n<meta name=\"robots\" content=\"index, follow, max-snippet:-1, max-image-preview:large, max-video-preview:-1\" \/>\n<link rel=\"canonical\" href=\"https:\/\/www.arenales.com.br\/blog\/arenales-vira-tema-de-reportagem-na-tv-por-acoes-voluntarias\/\" \/>\n<meta property=\"og:locale\" content=\"pt_BR\" \/>\n<meta property=\"og:type\" content=\"article\" \/>\n<meta property=\"og:title\" content=\"Arenales vira tema de Reportagem na TV por a\u00e7\u00e3o volunt\u00e1ria - Arenales | Blog\" \/>\n<meta property=\"og:description\" content=\"Leia sobre Arenales vira tema de Reportagem na TV por a\u00e7\u00e3o volunt\u00e1ria, aqui na Arenales | Blog - Not\u00edcias sobre Homeopatia Animal\" \/>\n<meta property=\"og:url\" content=\"https:\/\/www.arenales.com.br\/blog\/arenales-vira-tema-de-reportagem-na-tv-por-acoes-voluntarias\/\" \/>\n<meta property=\"og:site_name\" content=\"Arenales | Blog\" \/>\n<meta property=\"article:published_time\" content=\"2018-11-28T19:25:06+00:00\" \/>\n<meta property=\"og:image\" content=\"https:\/\/www.arenales.com.br\/blog\/wp-content\/uploads\/2020\/11\/capa_arenales.png\" \/>\n\t<meta property=\"og:image:width\" content=\"1200\" \/>\n\t<meta property=\"og:image:height\" content=\"628\" \/>\n\t<meta property=\"og:image:type\" content=\"image\/png\" \/>\n<meta name=\"author\" content=\"Redator Oxigenweb\" \/>\n<meta name=\"twitter:card\" content=\"summary_large_image\" \/>\n<meta name=\"twitter:label1\" content=\"Escrito por\" \/>\n\t<meta name=\"twitter:data1\" content=\"Redator Oxigenweb\" \/>\n\t<meta name=\"twitter:label2\" content=\"Est. tempo de leitura\" \/>\n\t<meta name=\"twitter:data2\" content=\"1 minuto\" \/>\n<script type=\"application\/ld+json\" class=\"yoast-schema-graph\">{\"@context\":\"https:\/\/schema.org\",\"@graph\":[{\"@type\":\"Article\",\"@id\":\"https:\/\/www.arenales.com.br\/blog\/arenales-vira-tema-de-reportagem-na-tv-por-acoes-voluntarias\/#article\",\"isPartOf\":{\"@id\":\"https:\/\/www.arenales.com.br\/blog\/arenales-vira-tema-de-reportagem-na-tv-por-acoes-voluntarias\/\"},\"author\":{\"name\":\"Redator Oxigenweb\",\"@id\":\"https:\/\/www.arenales.com.br\/blog\/#\/schema\/person\/4b16e8118397dad78148183d61788f70\"},\"headline\":\"Arenales vira tema de Reportagem na TV por a\u00e7\u00e3o volunt\u00e1ria\",\"datePublished\":\"2018-11-28T19:25:06+00:00\",\"mainEntityOfPage\":{\"@id\":\"https:\/\/www.arenales.com.br\/blog\/arenales-vira-tema-de-reportagem-na-tv-por-acoes-voluntarias\/\"},\"wordCount\":251,\"commentCount\":0,\"image\":{\"@id\":\"https:\/\/www.arenales.com.br\/blog\/arenales-vira-tema-de-reportagem-na-tv-por-acoes-voluntarias\/#primaryimage\"},\"thumbnailUrl\":\"https:\/\/www.arenales.com.br\/blog\/wp-content\/uploads\/2020\/11\/capa_arenales.png\",\"articleSection\":[\"Not\u00edcias\"],\"inLanguage\":\"pt-BR\",\"potentialAction\":[{\"@type\":\"CommentAction\",\"name\":\"Comment\",\"target\":[\"https:\/\/www.arenales.com.br\/blog\/arenales-vira-tema-de-reportagem-na-tv-por-acoes-voluntarias\/#respond\"]}]},{\"@type\":\"WebPage\",\"@id\":\"https:\/\/www.arenales.com.br\/blog\/arenales-vira-tema-de-reportagem-na-tv-por-acoes-voluntarias\/\",\"url\":\"https:\/\/www.arenales.com.br\/blog\/arenales-vira-tema-de-reportagem-na-tv-por-acoes-voluntarias\/\",\"name\":\"Arenales vira tema de Reportagem na TV por a\u00e7\u00e3o volunt\u00e1ria - Arenales | Blog\",\"isPartOf\":{\"@id\":\"https:\/\/www.arenales.com.br\/blog\/#website\"},\"primaryImageOfPage\":{\"@id\":\"https:\/\/www.arenales.com.br\/blog\/arenales-vira-tema-de-reportagem-na-tv-por-acoes-voluntarias\/#primaryimage\"},\"image\":{\"@id\":\"https:\/\/www.arenales.com.br\/blog\/arenales-vira-tema-de-reportagem-na-tv-por-acoes-voluntarias\/#primaryimage\"},\"thumbnailUrl\":\"https:\/\/www.arenales.com.br\/blog\/wp-content\/uploads\/2020\/11\/capa_arenales.png\",\"datePublished\":\"2018-11-28T19:25:06+00:00\",\"author\":{\"@id\":\"https:\/\/www.arenales.com.br\/blog\/#\/schema\/person\/4b16e8118397dad78148183d61788f70\"},\"description\":\"Leia sobre Arenales vira tema de Reportagem na TV por a\u00e7\u00e3o volunt\u00e1ria, aqui na Arenales | Blog - Not\u00edcias sobre Homeopatia Animal\",\"breadcrumb\":{\"@id\":\"https:\/\/www.arenales.com.br\/blog\/arenales-vira-tema-de-reportagem-na-tv-por-acoes-voluntarias\/#breadcrumb\"},\"inLanguage\":\"pt-BR\",\"potentialAction\":[{\"@type\":\"ReadAction\",\"target\":[\"https:\/\/www.arenales.com.br\/blog\/arenales-vira-tema-de-reportagem-na-tv-por-acoes-voluntarias\/\"]}]},{\"@type\":\"ImageObject\",\"inLanguage\":\"pt-BR\",\"@id\":\"https:\/\/www.arenales.com.br\/blog\/arenales-vira-tema-de-reportagem-na-tv-por-acoes-voluntarias\/#primaryimage\",\"url\":\"https:\/\/www.arenales.com.br\/blog\/wp-content\/uploads\/2020\/11\/capa_arenales.png\",\"contentUrl\":\"https:\/\/www.arenales.com.br\/blog\/wp-content\/uploads\/2020\/11\/capa_arenales.png\",\"width\":1200,\"height\":628},{\"@type\":\"BreadcrumbList\",\"@id\":\"https:\/\/www.arenales.com.br\/blog\/arenales-vira-tema-de-reportagem-na-tv-por-acoes-voluntarias\/#breadcrumb\",\"itemListElement\":[{\"@type\":\"ListItem\",\"position\":1,\"name\":\"In\u00edcio\",\"item\":\"https:\/\/www.arenales.com.br\/blog\/\"},{\"@type\":\"ListItem\",\"position\":2,\"name\":\"Arenales vira tema de Reportagem na TV por a\u00e7\u00e3o volunt\u00e1ria\"}]},{\"@type\":\"WebSite\",\"@id\":\"https:\/\/www.arenales.com.br\/blog\/#website\",\"url\":\"https:\/\/www.arenales.com.br\/blog\/\",\"name\":\"Arenales | Blog\",\"description\":\"Not\u00edcias sobre Homeopatia Animal\",\"potentialAction\":[{\"@type\":\"SearchAction\",\"target\":{\"@type\":\"EntryPoint\",\"urlTemplate\":\"https:\/\/www.arenales.com.br\/blog\/?s={search_term_string}\"},\"query-input\":{\"@type\":\"PropertyValueSpecification\",\"valueRequired\":true,\"valueName\":\"search_term_string\"}}],\"inLanguage\":\"pt-BR\"},{\"@type\":\"Person\",\"@id\":\"https:\/\/www.arenales.com.br\/blog\/#\/schema\/person\/4b16e8118397dad78148183d61788f70\",\"name\":\"Redator Oxigenweb\",\"image\":{\"@type\":\"ImageObject\",\"inLanguage\":\"pt-BR\",\"@id\":\"https:\/\/www.arenales.com.br\/blog\/#\/schema\/person\/image\/\",\"url\":\"https:\/\/secure.gravatar.com\/avatar\/ff2ae70070243f5b9bcec4c798c21fce81251988fc5ea61e314458603dcb0508?s=96&d=mm&r=g\",\"contentUrl\":\"https:\/\/secure.gravatar.com\/avatar\/ff2ae70070243f5b9bcec4c798c21fce81251988fc5ea61e314458603dcb0508?s=96&d=mm&r=g\",\"caption\":\"Redator Oxigenweb\"},\"url\":\"https:\/\/www.arenales.com.br\/blog\/author\/redatoro2\/\"}]}<\/script>\n<!-- \/ Yoast SEO plugin. -->","yoast_head_json":{"title":"Arenales vira tema de Reportagem na TV por a\u00e7\u00e3o volunt\u00e1ria - Arenales | Blog","description":"Leia sobre Arenales vira tema de Reportagem na TV por a\u00e7\u00e3o volunt\u00e1ria, aqui na Arenales | Blog - Not\u00edcias sobre Homeopatia Animal","robots":{"index":"index","follow":"follow","max-snippet":"max-snippet:-1","max-image-preview":"max-image-preview:large","max-video-preview":"max-video-preview:-1"},"canonical":"https:\/\/www.arenales.com.br\/blog\/arenales-vira-tema-de-reportagem-na-tv-por-acoes-voluntarias\/","og_locale":"pt_BR","og_type":"article","og_title":"Arenales vira tema de Reportagem na TV por a\u00e7\u00e3o volunt\u00e1ria - Arenales | Blog","og_description":"Leia sobre Arenales vira tema de Reportagem na TV por a\u00e7\u00e3o volunt\u00e1ria, aqui na Arenales | Blog - Not\u00edcias sobre Homeopatia Animal","og_url":"https:\/\/www.arenales.com.br\/blog\/arenales-vira-tema-de-reportagem-na-tv-por-acoes-voluntarias\/","og_site_name":"Arenales | Blog","article_published_time":"2018-11-28T19:25:06+00:00","og_image":[{"width":1200,"height":628,"url":"https:\/\/www.arenales.com.br\/blog\/wp-content\/uploads\/2020\/11\/capa_arenales.png","type":"image\/png"}],"author":"Redator Oxigenweb","twitter_card":"summary_large_image","twitter_misc":{"Escrito por":"Redator Oxigenweb","Est. tempo de leitura":"1 minuto"},"schema":{"@context":"https:\/\/schema.org","@graph":[{"@type":"Article","@id":"https:\/\/www.arenales.com.br\/blog\/arenales-vira-tema-de-reportagem-na-tv-por-acoes-voluntarias\/#article","isPartOf":{"@id":"https:\/\/www.arenales.com.br\/blog\/arenales-vira-tema-de-reportagem-na-tv-por-acoes-voluntarias\/"},"author":{"name":"Redator Oxigenweb","@id":"https:\/\/www.arenales.com.br\/blog\/#\/schema\/person\/4b16e8118397dad78148183d61788f70"},"headline":"Arenales vira tema de Reportagem na TV por a\u00e7\u00e3o volunt\u00e1ria","datePublished":"2018-11-28T19:25:06+00:00","mainEntityOfPage":{"@id":"https:\/\/www.arenales.com.br\/blog\/arenales-vira-tema-de-reportagem-na-tv-por-acoes-voluntarias\/"},"wordCount":251,"commentCount":0,"image":{"@id":"https:\/\/www.arenales.com.br\/blog\/arenales-vira-tema-de-reportagem-na-tv-por-acoes-voluntarias\/#primaryimage"},"thumbnailUrl":"https:\/\/www.arenales.com.br\/blog\/wp-content\/uploads\/2020\/11\/capa_arenales.png","articleSection":["Not\u00edcias"],"inLanguage":"pt-BR","potentialAction":[{"@type":"CommentAction","name":"Comment","target":["https:\/\/www.arenales.com.br\/blog\/arenales-vira-tema-de-reportagem-na-tv-por-acoes-voluntarias\/#respond"]}]},{"@type":"WebPage","@id":"https:\/\/www.arenales.com.br\/blog\/arenales-vira-tema-de-reportagem-na-tv-por-acoes-voluntarias\/","url":"https:\/\/www.arenales.com.br\/blog\/arenales-vira-tema-de-reportagem-na-tv-por-acoes-voluntarias\/","name":"Arenales vira tema de Reportagem na TV por a\u00e7\u00e3o volunt\u00e1ria - Arenales | Blog","isPartOf":{"@id":"https:\/\/www.arenales.com.br\/blog\/#website"},"primaryImageOfPage":{"@id":"https:\/\/www.arenales.com.br\/blog\/arenales-vira-tema-de-reportagem-na-tv-por-acoes-voluntarias\/#primaryimage"},"image":{"@id":"https:\/\/www.arenales.com.br\/blog\/arenales-vira-tema-de-reportagem-na-tv-por-acoes-voluntarias\/#primaryimage"},"thumbnailUrl":"https:\/\/www.arenales.com.br\/blog\/wp-content\/uploads\/2020\/11\/capa_arenales.png","datePublished":"2018-11-28T19:25:06+00:00","author":{"@id":"https:\/\/www.arenales.com.br\/blog\/#\/schema\/person\/4b16e8118397dad78148183d61788f70"},"description":"Leia sobre Arenales vira tema de Reportagem na TV por a\u00e7\u00e3o volunt\u00e1ria, aqui na Arenales | Blog - Not\u00edcias sobre Homeopatia Animal","breadcrumb":{"@id":"https:\/\/www.arenales.com.br\/blog\/arenales-vira-tema-de-reportagem-na-tv-por-acoes-voluntarias\/#breadcrumb"},"inLanguage":"pt-BR","potentialAction":[{"@type":"ReadAction","target":["https:\/\/www.arenales.com.br\/blog\/arenales-vira-tema-de-reportagem-na-tv-por-acoes-voluntarias\/"]}]},{"@type":"ImageObject","inLanguage":"pt-BR","@id":"https:\/\/www.arenales.com.br\/blog\/arenales-vira-tema-de-reportagem-na-tv-por-acoes-voluntarias\/#primaryimage","url":"https:\/\/www.arenales.com.br\/blog\/wp-content\/uploads\/2020\/11\/capa_arenales.png","contentUrl":"https:\/\/www.arenales.com.br\/blog\/wp-content\/uploads\/2020\/11\/capa_arenales.png","width":1200,"height":628},{"@type":"BreadcrumbList","@id":"https:\/\/www.arenales.com.br\/blog\/arenales-vira-tema-de-reportagem-na-tv-por-acoes-voluntarias\/#breadcrumb","itemListElement":[{"@type":"ListItem","position":1,"name":"In\u00edcio","item":"https:\/\/www.arenales.com.br\/blog\/"},{"@type":"ListItem","position":2,"name":"Arenales vira tema de Reportagem na TV por a\u00e7\u00e3o volunt\u00e1ria"}]},{"@type":"WebSite","@id":"https:\/\/www.arenales.com.br\/blog\/#website","url":"https:\/\/www.arenales.com.br\/blog\/","name":"Arenales | Blog","description":"Not\u00edcias sobre Homeopatia Animal","potentialAction":[{"@type":"SearchAction","target":{"@type":"EntryPoint","urlTemplate":"https:\/\/www.arenales.com.br\/blog\/?s={search_term_string}"},"query-input":{"@type":"PropertyValueSpecification","valueRequired":true,"valueName":"search_term_string"}}],"inLanguage":"pt-BR"},{"@type":"Person","@id":"https:\/\/www.arenales.com.br\/blog\/#\/schema\/person\/4b16e8118397dad78148183d61788f70","name":"Redator Oxigenweb","image":{"@type":"ImageObject","inLanguage":"pt-BR","@id":"https:\/\/www.arenales.com.br\/blog\/#\/schema\/person\/image\/","url":"https:\/\/secure.gravatar.com\/avatar\/ff2ae70070243f5b9bcec4c798c21fce81251988fc5ea61e314458603dcb0508?s=96&d=mm&r=g","contentUrl":"https:\/\/secure.gravatar.com\/avatar\/ff2ae70070243f5b9bcec4c798c21fce81251988fc5ea61e314458603dcb0508?s=96&d=mm&r=g","caption":"Redator Oxigenweb"},"url":"https:\/\/www.arenales.com.br\/blog\/author\/redatoro2\/"}]}},"_links":{"self":[{"href":"https:\/\/www.arenales.com.br\/blog\/wp-json\/wp\/v2\/posts\/1083","targetHints":{"allow":["GET"]}}],"collection":[{"href":"https:\/\/www.arenales.com.br\/blog\/wp-json\/wp\/v2\/posts"}],"about":[{"href":"https:\/\/www.arenales.com.br\/blog\/wp-json\/wp\/v2\/types\/post"}],"author":[{"embeddable":true,"href":"https:\/\/www.arenales.com.br\/blog\/wp-json\/wp\/v2\/users\/5"}],"replies":[{"embeddable":true,"href":"https:\/\/www.arenales.com.br\/blog\/wp-json\/wp\/v2\/comments?post=1083"}],"version-history":[{"count":0,"href":"https:\/\/www.arenales.com.br\/blog\/wp-json\/wp\/v2\/posts\/1083\/revisions"}],"wp:featuredmedia":[{"embeddable":true,"href":"https:\/\/www.arenales.com.br\/blog\/wp-json\/wp\/v2\/media\/1193"}],"wp:attachment":[{"href":"https:\/\/www.arenales.com.br\/blog\/wp-json\/wp\/v2\/media?parent=1083"}],"wp:term":[{"taxonomy":"category","embeddable":true,"href":"https:\/\/www.arenales.com.br\/blog\/wp-json\/wp\/v2\/categories?post=1083"},{"taxonomy":"post_tag","embeddable":true,"href":"https:\/\/www.arenales.com.br\/blog\/wp-json\/wp\/v2\/tags?post=1083"}],"curies":[{"name":"wp","href":"https:\/\/api.w.org\/{rel}","templated":true}]}}