{"id":1069,"date":"2018-10-31T16:51:11","date_gmt":"2018-10-31T19:51:11","guid":{"rendered":"https:\/\/arenales.com.br\/?p=6675"},"modified":"2018-10-31T16:51:11","modified_gmt":"2018-10-31T19:51:11","slug":"semana-de-medicina-veterinaria-tem-palestra-da-arenales","status":"publish","type":"post","link":"https:\/\/www.arenales.com.br\/blog\/semana-de-medicina-veterinaria-tem-palestra-da-arenales\/","title":{"rendered":"Semana de medicina veterin\u00e1ria tem palestra da Arenales"},"content":{"rendered":"<p><!--:pt--><a href=\"https:\/\/www.arenales.com.br\/blog\/wp-content\/uploads\/2018\/10\/WhatsApp-Image-2018-10-26-at-19.00.56.jpeg\"><img loading=\"lazy\" decoding=\"async\" src=\"https:\/\/www.arenales.com.br\/blog\/wp-content\/uploads\/2018\/10\/WhatsApp-Image-2018-10-26-at-19.00.56-300x168.jpeg\" alt=\"\" width=\"300\" height=\"168\" class=\"alignleft size-medium wp-image-6677\" \/><\/a>Durante cinco dias, os alunos do curso de Medicina Veterin\u00e1ria da UniFAJ acompanharam v\u00e1rias aulas pr\u00e1ticas e te\u00f3ricas com profissionais renomados na Semana Acad\u00eamica de Veterin\u00e1ria \u2013 SAVET UniFAJ em Jaguari\u00fana (SP). Com um total de 140 participantes, o evento recebeu alunos de todos os semestres do curso, al\u00e9m de estudantes de outras institui\u00e7\u00f5es e profissionais do ramo, aprimorando ainda mais a experi\u00eancia.<\/p>\n<p>A fundadora e diretora geral da Arenales Homeopatianimal, Maria do Carmo Arenales, que tem tr\u00eas forma\u00e7\u00f5es acad\u00eamicas, entre elas, medicina veterin\u00e1ria, palestrou no evento falando sobre como s\u00e3o eficazes os tratamentos homeop\u00e1ticos para prevenir e controlar doen\u00e7as e parasitos nos animais de companhia.<\/p>\n<p>Os participantes puderam tirar d\u00favidas sobre o tempo de rea\u00e7\u00e3o dos Fatores Homeop\u00e1ticos, diferen\u00e7as entre alop\u00e1ticos e homeop\u00e1ticos entre outras quest\u00f5es que foram perguntadas pelos estudantes e profissionais, e explicadas pela palestrante.<\/p>\n<p>Nos animais de companhia, a homeopatia veterin\u00e1ria \u00e9 capaz de tratar doen\u00e7as nos rins, cora\u00e7\u00e3o, intestino, articula\u00e7\u00f5es, al\u00e9m de controlar carrapatos, pulgas, vermes, estresse, entre outras complica\u00e7\u00f5es.<\/p>\n","protected":false},"excerpt":{"rendered":"<p>Durante cinco dias, os alunos do curso de Medicina Veterin\u00e1ria da UniFAJ acompanharam v\u00e1rias aulas pr\u00e1ticas e te\u00f3ricas com profissionais renomados na Semana Acad\u00eamica de Veterin\u00e1ria \u2013 SAVET UniFAJ em Jaguari\u00fana (SP). Com um total de 140 participantes, o evento recebeu alunos de todos os semestres do curso, al\u00e9m de estudantes de outras institui\u00e7\u00f5es e&#8230;<\/p>\n","protected":false},"author":5,"featured_media":1193,"comment_status":"open","ping_status":"open","sticky":false,"template":"","format":"standard","meta":{"footnotes":""},"categories":[1],"tags":[],"class_list":["post-1069","post","type-post","status-publish","format-standard","has-post-thumbnail","hentry","category-noticias"],"yoast_head":"<!-- This site is optimized with the Yoast SEO plugin v27.0 - https:\/\/yoast.com\/product\/yoast-seo-wordpress\/ -->\n<title>Semana de medicina veterin\u00e1ria tem palestra da Arenales - Arenales | Blog<\/title>\n<meta name=\"description\" content=\"Leia sobre Semana de medicina veterin\u00e1ria tem palestra da Arenales, aqui na Arenales | Blog - Not\u00edcias sobre Homeopatia Animal\" \/>\n<meta name=\"robots\" content=\"index, follow, max-snippet:-1, max-image-preview:large, max-video-preview:-1\" \/>\n<link rel=\"canonical\" href=\"https:\/\/www.arenales.com.br\/blog\/semana-de-medicina-veterinaria-tem-palestra-da-arenales\/\" \/>\n<meta property=\"og:locale\" content=\"pt_BR\" \/>\n<meta property=\"og:type\" content=\"article\" \/>\n<meta property=\"og:title\" content=\"Semana de medicina veterin\u00e1ria tem palestra da Arenales - Arenales | Blog\" \/>\n<meta property=\"og:description\" content=\"Leia sobre Semana de medicina veterin\u00e1ria tem palestra da Arenales, aqui na Arenales | Blog - Not\u00edcias sobre Homeopatia Animal\" \/>\n<meta property=\"og:url\" content=\"https:\/\/www.arenales.com.br\/blog\/semana-de-medicina-veterinaria-tem-palestra-da-arenales\/\" \/>\n<meta property=\"og:site_name\" content=\"Arenales | Blog\" \/>\n<meta property=\"article:published_time\" content=\"2018-10-31T19:51:11+00:00\" \/>\n<meta property=\"og:image\" content=\"https:\/\/www.arenales.com.br\/blog\/wp-content\/uploads\/2020\/11\/capa_arenales.png\" \/>\n\t<meta property=\"og:image:width\" content=\"1200\" \/>\n\t<meta property=\"og:image:height\" content=\"628\" \/>\n\t<meta property=\"og:image:type\" content=\"image\/png\" \/>\n<meta name=\"author\" content=\"Redator Oxigenweb\" \/>\n<meta name=\"twitter:card\" content=\"summary_large_image\" \/>\n<meta name=\"twitter:label1\" content=\"Escrito por\" \/>\n\t<meta name=\"twitter:data1\" content=\"Redator Oxigenweb\" \/>\n\t<meta name=\"twitter:label2\" content=\"Est. tempo de leitura\" \/>\n\t<meta name=\"twitter:data2\" content=\"1 minuto\" \/>\n<script type=\"application\/ld+json\" class=\"yoast-schema-graph\">{\"@context\":\"https:\/\/schema.org\",\"@graph\":[{\"@type\":\"Article\",\"@id\":\"https:\/\/www.arenales.com.br\/blog\/semana-de-medicina-veterinaria-tem-palestra-da-arenales\/#article\",\"isPartOf\":{\"@id\":\"https:\/\/www.arenales.com.br\/blog\/semana-de-medicina-veterinaria-tem-palestra-da-arenales\/\"},\"author\":{\"name\":\"Redator Oxigenweb\",\"@id\":\"https:\/\/www.arenales.com.br\/blog\/#\/schema\/person\/4b16e8118397dad78148183d61788f70\"},\"headline\":\"Semana de medicina veterin\u00e1ria tem palestra da Arenales\",\"datePublished\":\"2018-10-31T19:51:11+00:00\",\"mainEntityOfPage\":{\"@id\":\"https:\/\/www.arenales.com.br\/blog\/semana-de-medicina-veterinaria-tem-palestra-da-arenales\/\"},\"wordCount\":201,\"commentCount\":0,\"image\":{\"@id\":\"https:\/\/www.arenales.com.br\/blog\/semana-de-medicina-veterinaria-tem-palestra-da-arenales\/#primaryimage\"},\"thumbnailUrl\":\"https:\/\/www.arenales.com.br\/blog\/wp-content\/uploads\/2020\/11\/capa_arenales.png\",\"articleSection\":[\"Not\u00edcias\"],\"inLanguage\":\"pt-BR\",\"potentialAction\":[{\"@type\":\"CommentAction\",\"name\":\"Comment\",\"target\":[\"https:\/\/www.arenales.com.br\/blog\/semana-de-medicina-veterinaria-tem-palestra-da-arenales\/#respond\"]}]},{\"@type\":\"WebPage\",\"@id\":\"https:\/\/www.arenales.com.br\/blog\/semana-de-medicina-veterinaria-tem-palestra-da-arenales\/\",\"url\":\"https:\/\/www.arenales.com.br\/blog\/semana-de-medicina-veterinaria-tem-palestra-da-arenales\/\",\"name\":\"Semana de medicina veterin\u00e1ria tem palestra da Arenales - Arenales | Blog\",\"isPartOf\":{\"@id\":\"https:\/\/www.arenales.com.br\/blog\/#website\"},\"primaryImageOfPage\":{\"@id\":\"https:\/\/www.arenales.com.br\/blog\/semana-de-medicina-veterinaria-tem-palestra-da-arenales\/#primaryimage\"},\"image\":{\"@id\":\"https:\/\/www.arenales.com.br\/blog\/semana-de-medicina-veterinaria-tem-palestra-da-arenales\/#primaryimage\"},\"thumbnailUrl\":\"https:\/\/www.arenales.com.br\/blog\/wp-content\/uploads\/2020\/11\/capa_arenales.png\",\"datePublished\":\"2018-10-31T19:51:11+00:00\",\"author\":{\"@id\":\"https:\/\/www.arenales.com.br\/blog\/#\/schema\/person\/4b16e8118397dad78148183d61788f70\"},\"description\":\"Leia sobre Semana de medicina veterin\u00e1ria tem palestra da Arenales, aqui na Arenales | Blog - Not\u00edcias sobre Homeopatia Animal\",\"breadcrumb\":{\"@id\":\"https:\/\/www.arenales.com.br\/blog\/semana-de-medicina-veterinaria-tem-palestra-da-arenales\/#breadcrumb\"},\"inLanguage\":\"pt-BR\",\"potentialAction\":[{\"@type\":\"ReadAction\",\"target\":[\"https:\/\/www.arenales.com.br\/blog\/semana-de-medicina-veterinaria-tem-palestra-da-arenales\/\"]}]},{\"@type\":\"ImageObject\",\"inLanguage\":\"pt-BR\",\"@id\":\"https:\/\/www.arenales.com.br\/blog\/semana-de-medicina-veterinaria-tem-palestra-da-arenales\/#primaryimage\",\"url\":\"https:\/\/www.arenales.com.br\/blog\/wp-content\/uploads\/2020\/11\/capa_arenales.png\",\"contentUrl\":\"https:\/\/www.arenales.com.br\/blog\/wp-content\/uploads\/2020\/11\/capa_arenales.png\",\"width\":1200,\"height\":628},{\"@type\":\"BreadcrumbList\",\"@id\":\"https:\/\/www.arenales.com.br\/blog\/semana-de-medicina-veterinaria-tem-palestra-da-arenales\/#breadcrumb\",\"itemListElement\":[{\"@type\":\"ListItem\",\"position\":1,\"name\":\"In\u00edcio\",\"item\":\"https:\/\/www.arenales.com.br\/blog\/\"},{\"@type\":\"ListItem\",\"position\":2,\"name\":\"Semana de medicina veterin\u00e1ria tem palestra da Arenales\"}]},{\"@type\":\"WebSite\",\"@id\":\"https:\/\/www.arenales.com.br\/blog\/#website\",\"url\":\"https:\/\/www.arenales.com.br\/blog\/\",\"name\":\"Arenales | Blog\",\"description\":\"Not\u00edcias sobre Homeopatia Animal\",\"potentialAction\":[{\"@type\":\"SearchAction\",\"target\":{\"@type\":\"EntryPoint\",\"urlTemplate\":\"https:\/\/www.arenales.com.br\/blog\/?s={search_term_string}\"},\"query-input\":{\"@type\":\"PropertyValueSpecification\",\"valueRequired\":true,\"valueName\":\"search_term_string\"}}],\"inLanguage\":\"pt-BR\"},{\"@type\":\"Person\",\"@id\":\"https:\/\/www.arenales.com.br\/blog\/#\/schema\/person\/4b16e8118397dad78148183d61788f70\",\"name\":\"Redator Oxigenweb\",\"image\":{\"@type\":\"ImageObject\",\"inLanguage\":\"pt-BR\",\"@id\":\"https:\/\/www.arenales.com.br\/blog\/#\/schema\/person\/image\/\",\"url\":\"https:\/\/secure.gravatar.com\/avatar\/ff2ae70070243f5b9bcec4c798c21fce81251988fc5ea61e314458603dcb0508?s=96&d=mm&r=g\",\"contentUrl\":\"https:\/\/secure.gravatar.com\/avatar\/ff2ae70070243f5b9bcec4c798c21fce81251988fc5ea61e314458603dcb0508?s=96&d=mm&r=g\",\"caption\":\"Redator Oxigenweb\"},\"url\":\"https:\/\/www.arenales.com.br\/blog\/author\/redatoro2\/\"}]}<\/script>\n<!-- \/ Yoast SEO plugin. -->","yoast_head_json":{"title":"Semana de medicina veterin\u00e1ria tem palestra da Arenales - Arenales | Blog","description":"Leia sobre Semana de medicina veterin\u00e1ria tem palestra da Arenales, aqui na Arenales | Blog - Not\u00edcias sobre Homeopatia Animal","robots":{"index":"index","follow":"follow","max-snippet":"max-snippet:-1","max-image-preview":"max-image-preview:large","max-video-preview":"max-video-preview:-1"},"canonical":"https:\/\/www.arenales.com.br\/blog\/semana-de-medicina-veterinaria-tem-palestra-da-arenales\/","og_locale":"pt_BR","og_type":"article","og_title":"Semana de medicina veterin\u00e1ria tem palestra da Arenales - Arenales | Blog","og_description":"Leia sobre Semana de medicina veterin\u00e1ria tem palestra da Arenales, aqui na Arenales | Blog - Not\u00edcias sobre Homeopatia Animal","og_url":"https:\/\/www.arenales.com.br\/blog\/semana-de-medicina-veterinaria-tem-palestra-da-arenales\/","og_site_name":"Arenales | Blog","article_published_time":"2018-10-31T19:51:11+00:00","og_image":[{"width":1200,"height":628,"url":"https:\/\/www.arenales.com.br\/blog\/wp-content\/uploads\/2020\/11\/capa_arenales.png","type":"image\/png"}],"author":"Redator Oxigenweb","twitter_card":"summary_large_image","twitter_misc":{"Escrito por":"Redator Oxigenweb","Est. tempo de leitura":"1 minuto"},"schema":{"@context":"https:\/\/schema.org","@graph":[{"@type":"Article","@id":"https:\/\/www.arenales.com.br\/blog\/semana-de-medicina-veterinaria-tem-palestra-da-arenales\/#article","isPartOf":{"@id":"https:\/\/www.arenales.com.br\/blog\/semana-de-medicina-veterinaria-tem-palestra-da-arenales\/"},"author":{"name":"Redator Oxigenweb","@id":"https:\/\/www.arenales.com.br\/blog\/#\/schema\/person\/4b16e8118397dad78148183d61788f70"},"headline":"Semana de medicina veterin\u00e1ria tem palestra da Arenales","datePublished":"2018-10-31T19:51:11+00:00","mainEntityOfPage":{"@id":"https:\/\/www.arenales.com.br\/blog\/semana-de-medicina-veterinaria-tem-palestra-da-arenales\/"},"wordCount":201,"commentCount":0,"image":{"@id":"https:\/\/www.arenales.com.br\/blog\/semana-de-medicina-veterinaria-tem-palestra-da-arenales\/#primaryimage"},"thumbnailUrl":"https:\/\/www.arenales.com.br\/blog\/wp-content\/uploads\/2020\/11\/capa_arenales.png","articleSection":["Not\u00edcias"],"inLanguage":"pt-BR","potentialAction":[{"@type":"CommentAction","name":"Comment","target":["https:\/\/www.arenales.com.br\/blog\/semana-de-medicina-veterinaria-tem-palestra-da-arenales\/#respond"]}]},{"@type":"WebPage","@id":"https:\/\/www.arenales.com.br\/blog\/semana-de-medicina-veterinaria-tem-palestra-da-arenales\/","url":"https:\/\/www.arenales.com.br\/blog\/semana-de-medicina-veterinaria-tem-palestra-da-arenales\/","name":"Semana de medicina veterin\u00e1ria tem palestra da Arenales - Arenales | Blog","isPartOf":{"@id":"https:\/\/www.arenales.com.br\/blog\/#website"},"primaryImageOfPage":{"@id":"https:\/\/www.arenales.com.br\/blog\/semana-de-medicina-veterinaria-tem-palestra-da-arenales\/#primaryimage"},"image":{"@id":"https:\/\/www.arenales.com.br\/blog\/semana-de-medicina-veterinaria-tem-palestra-da-arenales\/#primaryimage"},"thumbnailUrl":"https:\/\/www.arenales.com.br\/blog\/wp-content\/uploads\/2020\/11\/capa_arenales.png","datePublished":"2018-10-31T19:51:11+00:00","author":{"@id":"https:\/\/www.arenales.com.br\/blog\/#\/schema\/person\/4b16e8118397dad78148183d61788f70"},"description":"Leia sobre Semana de medicina veterin\u00e1ria tem palestra da Arenales, aqui na Arenales | Blog - Not\u00edcias sobre Homeopatia Animal","breadcrumb":{"@id":"https:\/\/www.arenales.com.br\/blog\/semana-de-medicina-veterinaria-tem-palestra-da-arenales\/#breadcrumb"},"inLanguage":"pt-BR","potentialAction":[{"@type":"ReadAction","target":["https:\/\/www.arenales.com.br\/blog\/semana-de-medicina-veterinaria-tem-palestra-da-arenales\/"]}]},{"@type":"ImageObject","inLanguage":"pt-BR","@id":"https:\/\/www.arenales.com.br\/blog\/semana-de-medicina-veterinaria-tem-palestra-da-arenales\/#primaryimage","url":"https:\/\/www.arenales.com.br\/blog\/wp-content\/uploads\/2020\/11\/capa_arenales.png","contentUrl":"https:\/\/www.arenales.com.br\/blog\/wp-content\/uploads\/2020\/11\/capa_arenales.png","width":1200,"height":628},{"@type":"BreadcrumbList","@id":"https:\/\/www.arenales.com.br\/blog\/semana-de-medicina-veterinaria-tem-palestra-da-arenales\/#breadcrumb","itemListElement":[{"@type":"ListItem","position":1,"name":"In\u00edcio","item":"https:\/\/www.arenales.com.br\/blog\/"},{"@type":"ListItem","position":2,"name":"Semana de medicina veterin\u00e1ria tem palestra da Arenales"}]},{"@type":"WebSite","@id":"https:\/\/www.arenales.com.br\/blog\/#website","url":"https:\/\/www.arenales.com.br\/blog\/","name":"Arenales | Blog","description":"Not\u00edcias sobre Homeopatia Animal","potentialAction":[{"@type":"SearchAction","target":{"@type":"EntryPoint","urlTemplate":"https:\/\/www.arenales.com.br\/blog\/?s={search_term_string}"},"query-input":{"@type":"PropertyValueSpecification","valueRequired":true,"valueName":"search_term_string"}}],"inLanguage":"pt-BR"},{"@type":"Person","@id":"https:\/\/www.arenales.com.br\/blog\/#\/schema\/person\/4b16e8118397dad78148183d61788f70","name":"Redator Oxigenweb","image":{"@type":"ImageObject","inLanguage":"pt-BR","@id":"https:\/\/www.arenales.com.br\/blog\/#\/schema\/person\/image\/","url":"https:\/\/secure.gravatar.com\/avatar\/ff2ae70070243f5b9bcec4c798c21fce81251988fc5ea61e314458603dcb0508?s=96&d=mm&r=g","contentUrl":"https:\/\/secure.gravatar.com\/avatar\/ff2ae70070243f5b9bcec4c798c21fce81251988fc5ea61e314458603dcb0508?s=96&d=mm&r=g","caption":"Redator Oxigenweb"},"url":"https:\/\/www.arenales.com.br\/blog\/author\/redatoro2\/"}]}},"_links":{"self":[{"href":"https:\/\/www.arenales.com.br\/blog\/wp-json\/wp\/v2\/posts\/1069","targetHints":{"allow":["GET"]}}],"collection":[{"href":"https:\/\/www.arenales.com.br\/blog\/wp-json\/wp\/v2\/posts"}],"about":[{"href":"https:\/\/www.arenales.com.br\/blog\/wp-json\/wp\/v2\/types\/post"}],"author":[{"embeddable":true,"href":"https:\/\/www.arenales.com.br\/blog\/wp-json\/wp\/v2\/users\/5"}],"replies":[{"embeddable":true,"href":"https:\/\/www.arenales.com.br\/blog\/wp-json\/wp\/v2\/comments?post=1069"}],"version-history":[{"count":0,"href":"https:\/\/www.arenales.com.br\/blog\/wp-json\/wp\/v2\/posts\/1069\/revisions"}],"wp:featuredmedia":[{"embeddable":true,"href":"https:\/\/www.arenales.com.br\/blog\/wp-json\/wp\/v2\/media\/1193"}],"wp:attachment":[{"href":"https:\/\/www.arenales.com.br\/blog\/wp-json\/wp\/v2\/media?parent=1069"}],"wp:term":[{"taxonomy":"category","embeddable":true,"href":"https:\/\/www.arenales.com.br\/blog\/wp-json\/wp\/v2\/categories?post=1069"},{"taxonomy":"post_tag","embeddable":true,"href":"https:\/\/www.arenales.com.br\/blog\/wp-json\/wp\/v2\/tags?post=1069"}],"curies":[{"name":"wp","href":"https:\/\/api.w.org\/{rel}","templated":true}]}}