{"id":1057,"date":"2018-09-24T22:24:08","date_gmt":"2018-09-25T01:24:08","guid":{"rendered":"https:\/\/arenales.com.br\/?p=6599"},"modified":"2018-09-24T22:24:08","modified_gmt":"2018-09-25T01:24:08","slug":"acao-de-castracao-tem-apoio-da-arenales","status":"publish","type":"post","link":"https:\/\/www.arenales.com.br\/blog\/acao-de-castracao-tem-apoio-da-arenales\/","title":{"rendered":"A\u00e7\u00e3o de castra\u00e7\u00e3o tem apoio da Arenales"},"content":{"rendered":"<p><!--:pt--><\/p>\n<p>Os cerca de cinco mil moradores dos bairros Jardim Morada do Sol e Residencial Belo Galindo em Presidente Prudente (SP), tiveram a oportunidade in\u00e9dita de usufru\u00edrem dos servi\u00e7os na \u00e1rea de sa\u00fade animal e outras atividades, ofertadas gratuitamente durante a manh\u00e3 de s\u00e1bado (22). No campo de futebol foi realizada a a\u00e7\u00e3o Dia V, pelo curso de Medicina Veterin\u00e1ria da Unoeste e como parte do projeto Castra\u00e7\u00e3o \u00e9 a Solu\u00e7\u00e3o, que acorre desde 2016 visando o controle da popula\u00e7\u00e3o de c\u00e3es e gatos soltos nas ruas dos dois bairros no extremo urbano da zona norte da cidade. A estimativa \u00e9 de que pelo menos 250 pessoas compareceram, o que representa 5% da popula\u00e7\u00e3o. Como praticamente todos passaram pelos diferentes servi\u00e7os e atividades, s\u00e3o estimados 1,5 mil atendimentos.<\/p>\n<p>Ambos os bairros s\u00e3o origin\u00e1rios de doa\u00e7\u00f5es de lotes pela Prefeitura, sendo o Morada do Sol implantado em 18 de setembro de 1992, tendo completado 36 anos na \u00faltima ter\u00e7a-feira (18). O Belo Galindo foi implantado h\u00e1 30 anos: em 20 de fevereiro de 1998. Dados estruturais da Secretaria Municipal de Planejamento (Seplan) revelam que no Morada, em \u00e1rea de 196 mil m\u00b2 e 23 quadras, s\u00e3o 484 constru\u00e7\u00f5es e 13 terrenos baldios, com a popula\u00e7\u00e3o estimada em 2.420 pessoas. No Belo Galindo, com 234 mil m\u00b2 e 44 quadras, existem 524 constru\u00e7\u00f5es e 158 terrenos baldios, com a popula\u00e7\u00e3o de 2.620 moradores. Pessoas trabalhadoras, que fazem suas casas por etapas e a maioria delas n\u00e3o tem ainda o reboco externo. Os 5.040 moradores representam uma popula\u00e7\u00e3o maior que as de 19 dos 56 munic\u00edpios da regi\u00e3o de Prudente.<\/p>\n<p>Sandra Regina da Silva, que h\u00e1 13 anos se mudou do Brasil Novo para o Belo Galindo, diz serem muitas as dificuldades dos moradores, mas que j\u00e1 melhorou muito com as obras feitas pelo poder p\u00fablico e ajuda de pessoas em a\u00e7\u00f5es volunt\u00e1rias, como tem ocorrido com a parceria da Unoeste e a Casa da Sopa para reduzir os animais de rua que s\u00e3o muitos, pois parte da popula\u00e7\u00e3o da cidade tem o h\u00e1bito de abandonar c\u00e3es e gatos nos dois bairros, \u00e0 margem da estrada vicinal Raimundo Maiolini. Nos \u00faltimos dois anos foram castrados 200, de acordo com a estudante de medicina veterin\u00e1ria Alaine Baccarin, uma das organizadoras do Dia V.<\/p>\n<p>Para Sandra, de 46 anos, m\u00e3e de sete filhos, o projeto tem ajudado a controlar a popula\u00e7\u00e3o canina e felina, mas os moradores precisam se conscientizar ainda mais. Alaine diz o mesmo e comenta que, por isso, al\u00e9m da castra\u00e7\u00e3o o trabalho do curso de Medicina Veterin\u00e1ria compreende orienta\u00e7\u00e3o sobre a posse respons\u00e1vel, o bem estar animal e a educa\u00e7\u00e3o ambiental. \u201cGeralmente temos trabalhado com as crian\u00e7as na Casa da Sopa, mas hoje iniciamos uma rela\u00e7\u00e3o com os adultos. Nossa inten\u00e7\u00e3o \u00e9 quebrar barreiras culturais e promover a conscientiza\u00e7\u00e3o que \u00e9 um trabalho ainda mais enriquecedor. Queremos, inclusive, aproximar as crian\u00e7as, adolescentes e jovens da universidade, como um sonho poss\u00edvel para qualquer um\u201d, avalia Alaine.<\/p>\n<p>Ao contar que foi dif\u00edcil atingir o seu sonho de cursar a gradua\u00e7\u00e3o, a estudante entende ser um exemplo para inspirar outros sonhos. Por ser um curso de per\u00edodo integral, teve que parar de trabalhar para estudar. Largou o emprego como servidora p\u00fablica municipal concursada em Martin\u00f3polis, lutou e conseguiu obter bolsa do Programa Universidade para Todos (ProUni). \u201cFoi a\u00ed que fiz um pacto com Deus: o de ter minhas a\u00e7\u00f5es, como estudante e como profissional, voltadas para o setor social. Minha prefer\u00eancia \u00e9 pela fauna silvestre e quem sabe um dia consiga trabalhar em zool\u00f3gico, mas ainda assim dedicarei parte do meu tempo aos animais de rua, em projetos como esse da Unoeste e da Casa da Sopa\u201d, comenta.<br \/>\n<strong><br \/>\nEnvolvimento <\/strong>\u2013 O Dia V envolveu dez cursos, com as seguintes ofertas: Medicina Veterin\u00e1ria \u2013 orienta\u00e7\u00e3o de sa\u00fade animal, vacina\u00e7\u00e3o, vermifuga\u00e7\u00e3o, higiene e informa\u00e7\u00f5es sobre doen\u00e7as de interesse em sa\u00fade p\u00fablica (leishmaniose, raiva); Agronomia &#8211; doa\u00e7\u00e3o de mudas de \u00e1rvores; Ci\u00eancias Biol\u00f3gicas &#8211; orienta\u00e7\u00e3o de como plantar e cuidar das mudas de plantas; Educa\u00e7\u00e3o F\u00edsica &#8211; brincadeiras esportivas; Pedagogia (presencial e a dist\u00e2ncia) e Letras \u2013 pintura facial, desenhos para colorir e produ\u00e7\u00e3o de cartinhas solicitando casinhas de cachorros para o Caldeir\u00e3o do Huck; Zootecnia \u2013 levantamento diagn\u00f3stico da \u00e1rea visando futuras a\u00e7\u00f5es e distribui\u00e7\u00e3o de mudas e sementes de alface; Ci\u00eancias da Computa\u00e7\u00e3o e Sistemas de Informa\u00e7\u00e3o &#8211; orienta\u00e7\u00e3o de como elaborar curr\u00edculo.<\/p>\n<p>Teve ainda a exposi\u00e7\u00e3o itinerante de parte do Acervo Educacional de Ci\u00eancias Naturais (Aecin), com esp\u00e9cies embalsamadas e taxidermizadas, tais como tatupeba, macaco prego, cigarra e mariposa. Conforme o professor Rondinelli Salom\u00e3o, a mostra teve o car\u00e1ter sociocultural e educacional, para as pessoas entenderem a import\u00e2ncia da preserva\u00e7\u00e3o do meio ambiente. Al\u00e9m de Alaine, atuaram na organiza\u00e7\u00e3o do Dia V Maria Nuara Caldas Longo, Bianca Gomes da Silva e Wilham Cristhian Hoffman, que mobilizaram as participa\u00e7\u00f5es de estudantes de dez cursos e professores, incluindo a diretora do curso de Medicina Veterin\u00e1ria Gl\u00e1ucia Prada Kanashiro e a coordenadora Rosa Maria Barilli Nogueira.<\/p>\n<p>Tamb\u00e9m estiveram no evento a Arenales Homeopatianimal e Fosferpet\/Bob Dog, empresas colaboradoras do projeto que se mant\u00e9m com o apoio da Unoeste e atua\u00e7\u00e3o dos estudantes que buscam os recursos junto a patrocinadores, vendas de camisetas e de n\u00fameros de rifas, entre outras a\u00e7\u00f5es, pois a castra\u00e7\u00e3o tem o custo vari\u00e1vel entre R$ 4 mil e R$ 6 mil por semestre, de acordo com o Alaine. A realiza\u00e7\u00e3o do Dia V esteve inserida na Campanha de Reponsabilidade Social, realizada durante a semana passada e proposta pela Associa\u00e7\u00e3o Brasileira de Mantenedoras de Ensino Superior (ABMES), da qual a universidade \u00e9 associada atrav\u00e9s de sua mantenedora: a Associa\u00e7\u00e3o Prudentina de Educa\u00e7\u00e3o e Cultura (Apec).  <\/p>\n<p>(Fonte: Ai\/Arenales)<\/p>\n","protected":false},"excerpt":{"rendered":"<p>Os cerca de cinco mil moradores dos bairros Jardim Morada do Sol e Residencial Belo Galindo em Presidente Prudente (SP), tiveram a oportunidade in\u00e9dita de usufru\u00edrem dos servi\u00e7os na \u00e1rea de sa\u00fade animal e outras atividades, ofertadas gratuitamente durante a manh\u00e3 de s\u00e1bado (22). No campo de futebol foi realizada a a\u00e7\u00e3o Dia V, pelo&#8230;<\/p>\n","protected":false},"author":5,"featured_media":1193,"comment_status":"open","ping_status":"open","sticky":false,"template":"","format":"standard","meta":{"footnotes":""},"categories":[1],"tags":[],"class_list":["post-1057","post","type-post","status-publish","format-standard","has-post-thumbnail","hentry","category-noticias"],"yoast_head":"<!-- This site is optimized with the Yoast SEO plugin v27.0 - https:\/\/yoast.com\/product\/yoast-seo-wordpress\/ -->\n<title>A\u00e7\u00e3o de castra\u00e7\u00e3o tem apoio da Arenales - Arenales | Blog<\/title>\n<meta name=\"description\" content=\"Leia sobre A\u00e7\u00e3o de castra\u00e7\u00e3o tem apoio da Arenales, aqui na Arenales | Blog - Not\u00edcias sobre Homeopatia Animal\" \/>\n<meta name=\"robots\" content=\"index, follow, max-snippet:-1, max-image-preview:large, max-video-preview:-1\" \/>\n<link rel=\"canonical\" href=\"https:\/\/www.arenales.com.br\/blog\/acao-de-castracao-tem-apoio-da-arenales\/\" \/>\n<meta property=\"og:locale\" content=\"pt_BR\" \/>\n<meta property=\"og:type\" content=\"article\" \/>\n<meta property=\"og:title\" content=\"A\u00e7\u00e3o de castra\u00e7\u00e3o tem apoio da Arenales - Arenales | Blog\" \/>\n<meta property=\"og:description\" content=\"Leia sobre A\u00e7\u00e3o de castra\u00e7\u00e3o tem apoio da Arenales, aqui na Arenales | Blog - Not\u00edcias sobre Homeopatia Animal\" \/>\n<meta property=\"og:url\" content=\"https:\/\/www.arenales.com.br\/blog\/acao-de-castracao-tem-apoio-da-arenales\/\" \/>\n<meta property=\"og:site_name\" content=\"Arenales | Blog\" \/>\n<meta property=\"article:published_time\" content=\"2018-09-25T01:24:08+00:00\" \/>\n<meta property=\"og:image\" content=\"https:\/\/www.arenales.com.br\/blog\/wp-content\/uploads\/2020\/11\/capa_arenales.png\" \/>\n\t<meta property=\"og:image:width\" content=\"1200\" \/>\n\t<meta property=\"og:image:height\" content=\"628\" \/>\n\t<meta property=\"og:image:type\" content=\"image\/png\" \/>\n<meta name=\"author\" content=\"Redator Oxigenweb\" \/>\n<meta name=\"twitter:card\" content=\"summary_large_image\" \/>\n<meta name=\"twitter:label1\" content=\"Escrito por\" \/>\n\t<meta name=\"twitter:data1\" content=\"Redator Oxigenweb\" \/>\n\t<meta name=\"twitter:label2\" content=\"Est. tempo de leitura\" \/>\n\t<meta name=\"twitter:data2\" content=\"5 minutos\" \/>\n<script type=\"application\/ld+json\" class=\"yoast-schema-graph\">{\"@context\":\"https:\/\/schema.org\",\"@graph\":[{\"@type\":\"Article\",\"@id\":\"https:\/\/www.arenales.com.br\/blog\/acao-de-castracao-tem-apoio-da-arenales\/#article\",\"isPartOf\":{\"@id\":\"https:\/\/www.arenales.com.br\/blog\/acao-de-castracao-tem-apoio-da-arenales\/\"},\"author\":{\"name\":\"Redator Oxigenweb\",\"@id\":\"https:\/\/www.arenales.com.br\/blog\/#\/schema\/person\/4b16e8118397dad78148183d61788f70\"},\"headline\":\"A\u00e7\u00e3o de castra\u00e7\u00e3o tem apoio da Arenales\",\"datePublished\":\"2018-09-25T01:24:08+00:00\",\"mainEntityOfPage\":{\"@id\":\"https:\/\/www.arenales.com.br\/blog\/acao-de-castracao-tem-apoio-da-arenales\/\"},\"wordCount\":1022,\"commentCount\":0,\"image\":{\"@id\":\"https:\/\/www.arenales.com.br\/blog\/acao-de-castracao-tem-apoio-da-arenales\/#primaryimage\"},\"thumbnailUrl\":\"https:\/\/www.arenales.com.br\/blog\/wp-content\/uploads\/2020\/11\/capa_arenales.png\",\"articleSection\":[\"Not\u00edcias\"],\"inLanguage\":\"pt-BR\",\"potentialAction\":[{\"@type\":\"CommentAction\",\"name\":\"Comment\",\"target\":[\"https:\/\/www.arenales.com.br\/blog\/acao-de-castracao-tem-apoio-da-arenales\/#respond\"]}]},{\"@type\":\"WebPage\",\"@id\":\"https:\/\/www.arenales.com.br\/blog\/acao-de-castracao-tem-apoio-da-arenales\/\",\"url\":\"https:\/\/www.arenales.com.br\/blog\/acao-de-castracao-tem-apoio-da-arenales\/\",\"name\":\"A\u00e7\u00e3o de castra\u00e7\u00e3o tem apoio da Arenales - Arenales | Blog\",\"isPartOf\":{\"@id\":\"https:\/\/www.arenales.com.br\/blog\/#website\"},\"primaryImageOfPage\":{\"@id\":\"https:\/\/www.arenales.com.br\/blog\/acao-de-castracao-tem-apoio-da-arenales\/#primaryimage\"},\"image\":{\"@id\":\"https:\/\/www.arenales.com.br\/blog\/acao-de-castracao-tem-apoio-da-arenales\/#primaryimage\"},\"thumbnailUrl\":\"https:\/\/www.arenales.com.br\/blog\/wp-content\/uploads\/2020\/11\/capa_arenales.png\",\"datePublished\":\"2018-09-25T01:24:08+00:00\",\"author\":{\"@id\":\"https:\/\/www.arenales.com.br\/blog\/#\/schema\/person\/4b16e8118397dad78148183d61788f70\"},\"description\":\"Leia sobre A\u00e7\u00e3o de castra\u00e7\u00e3o tem apoio da Arenales, aqui na Arenales | Blog - Not\u00edcias sobre Homeopatia Animal\",\"breadcrumb\":{\"@id\":\"https:\/\/www.arenales.com.br\/blog\/acao-de-castracao-tem-apoio-da-arenales\/#breadcrumb\"},\"inLanguage\":\"pt-BR\",\"potentialAction\":[{\"@type\":\"ReadAction\",\"target\":[\"https:\/\/www.arenales.com.br\/blog\/acao-de-castracao-tem-apoio-da-arenales\/\"]}]},{\"@type\":\"ImageObject\",\"inLanguage\":\"pt-BR\",\"@id\":\"https:\/\/www.arenales.com.br\/blog\/acao-de-castracao-tem-apoio-da-arenales\/#primaryimage\",\"url\":\"https:\/\/www.arenales.com.br\/blog\/wp-content\/uploads\/2020\/11\/capa_arenales.png\",\"contentUrl\":\"https:\/\/www.arenales.com.br\/blog\/wp-content\/uploads\/2020\/11\/capa_arenales.png\",\"width\":1200,\"height\":628},{\"@type\":\"BreadcrumbList\",\"@id\":\"https:\/\/www.arenales.com.br\/blog\/acao-de-castracao-tem-apoio-da-arenales\/#breadcrumb\",\"itemListElement\":[{\"@type\":\"ListItem\",\"position\":1,\"name\":\"In\u00edcio\",\"item\":\"https:\/\/www.arenales.com.br\/blog\/\"},{\"@type\":\"ListItem\",\"position\":2,\"name\":\"A\u00e7\u00e3o de castra\u00e7\u00e3o tem apoio da Arenales\"}]},{\"@type\":\"WebSite\",\"@id\":\"https:\/\/www.arenales.com.br\/blog\/#website\",\"url\":\"https:\/\/www.arenales.com.br\/blog\/\",\"name\":\"Arenales | Blog\",\"description\":\"Not\u00edcias sobre Homeopatia Animal\",\"potentialAction\":[{\"@type\":\"SearchAction\",\"target\":{\"@type\":\"EntryPoint\",\"urlTemplate\":\"https:\/\/www.arenales.com.br\/blog\/?s={search_term_string}\"},\"query-input\":{\"@type\":\"PropertyValueSpecification\",\"valueRequired\":true,\"valueName\":\"search_term_string\"}}],\"inLanguage\":\"pt-BR\"},{\"@type\":\"Person\",\"@id\":\"https:\/\/www.arenales.com.br\/blog\/#\/schema\/person\/4b16e8118397dad78148183d61788f70\",\"name\":\"Redator Oxigenweb\",\"image\":{\"@type\":\"ImageObject\",\"inLanguage\":\"pt-BR\",\"@id\":\"https:\/\/www.arenales.com.br\/blog\/#\/schema\/person\/image\/\",\"url\":\"https:\/\/secure.gravatar.com\/avatar\/ff2ae70070243f5b9bcec4c798c21fce81251988fc5ea61e314458603dcb0508?s=96&d=mm&r=g\",\"contentUrl\":\"https:\/\/secure.gravatar.com\/avatar\/ff2ae70070243f5b9bcec4c798c21fce81251988fc5ea61e314458603dcb0508?s=96&d=mm&r=g\",\"caption\":\"Redator Oxigenweb\"},\"url\":\"https:\/\/www.arenales.com.br\/blog\/author\/redatoro2\/\"}]}<\/script>\n<!-- \/ Yoast SEO plugin. -->","yoast_head_json":{"title":"A\u00e7\u00e3o de castra\u00e7\u00e3o tem apoio da Arenales - Arenales | Blog","description":"Leia sobre A\u00e7\u00e3o de castra\u00e7\u00e3o tem apoio da Arenales, aqui na Arenales | Blog - Not\u00edcias sobre Homeopatia Animal","robots":{"index":"index","follow":"follow","max-snippet":"max-snippet:-1","max-image-preview":"max-image-preview:large","max-video-preview":"max-video-preview:-1"},"canonical":"https:\/\/www.arenales.com.br\/blog\/acao-de-castracao-tem-apoio-da-arenales\/","og_locale":"pt_BR","og_type":"article","og_title":"A\u00e7\u00e3o de castra\u00e7\u00e3o tem apoio da Arenales - Arenales | Blog","og_description":"Leia sobre A\u00e7\u00e3o de castra\u00e7\u00e3o tem apoio da Arenales, aqui na Arenales | Blog - Not\u00edcias sobre Homeopatia Animal","og_url":"https:\/\/www.arenales.com.br\/blog\/acao-de-castracao-tem-apoio-da-arenales\/","og_site_name":"Arenales | Blog","article_published_time":"2018-09-25T01:24:08+00:00","og_image":[{"width":1200,"height":628,"url":"https:\/\/www.arenales.com.br\/blog\/wp-content\/uploads\/2020\/11\/capa_arenales.png","type":"image\/png"}],"author":"Redator Oxigenweb","twitter_card":"summary_large_image","twitter_misc":{"Escrito por":"Redator Oxigenweb","Est. tempo de leitura":"5 minutos"},"schema":{"@context":"https:\/\/schema.org","@graph":[{"@type":"Article","@id":"https:\/\/www.arenales.com.br\/blog\/acao-de-castracao-tem-apoio-da-arenales\/#article","isPartOf":{"@id":"https:\/\/www.arenales.com.br\/blog\/acao-de-castracao-tem-apoio-da-arenales\/"},"author":{"name":"Redator Oxigenweb","@id":"https:\/\/www.arenales.com.br\/blog\/#\/schema\/person\/4b16e8118397dad78148183d61788f70"},"headline":"A\u00e7\u00e3o de castra\u00e7\u00e3o tem apoio da Arenales","datePublished":"2018-09-25T01:24:08+00:00","mainEntityOfPage":{"@id":"https:\/\/www.arenales.com.br\/blog\/acao-de-castracao-tem-apoio-da-arenales\/"},"wordCount":1022,"commentCount":0,"image":{"@id":"https:\/\/www.arenales.com.br\/blog\/acao-de-castracao-tem-apoio-da-arenales\/#primaryimage"},"thumbnailUrl":"https:\/\/www.arenales.com.br\/blog\/wp-content\/uploads\/2020\/11\/capa_arenales.png","articleSection":["Not\u00edcias"],"inLanguage":"pt-BR","potentialAction":[{"@type":"CommentAction","name":"Comment","target":["https:\/\/www.arenales.com.br\/blog\/acao-de-castracao-tem-apoio-da-arenales\/#respond"]}]},{"@type":"WebPage","@id":"https:\/\/www.arenales.com.br\/blog\/acao-de-castracao-tem-apoio-da-arenales\/","url":"https:\/\/www.arenales.com.br\/blog\/acao-de-castracao-tem-apoio-da-arenales\/","name":"A\u00e7\u00e3o de castra\u00e7\u00e3o tem apoio da Arenales - Arenales | Blog","isPartOf":{"@id":"https:\/\/www.arenales.com.br\/blog\/#website"},"primaryImageOfPage":{"@id":"https:\/\/www.arenales.com.br\/blog\/acao-de-castracao-tem-apoio-da-arenales\/#primaryimage"},"image":{"@id":"https:\/\/www.arenales.com.br\/blog\/acao-de-castracao-tem-apoio-da-arenales\/#primaryimage"},"thumbnailUrl":"https:\/\/www.arenales.com.br\/blog\/wp-content\/uploads\/2020\/11\/capa_arenales.png","datePublished":"2018-09-25T01:24:08+00:00","author":{"@id":"https:\/\/www.arenales.com.br\/blog\/#\/schema\/person\/4b16e8118397dad78148183d61788f70"},"description":"Leia sobre A\u00e7\u00e3o de castra\u00e7\u00e3o tem apoio da Arenales, aqui na Arenales | Blog - Not\u00edcias sobre Homeopatia Animal","breadcrumb":{"@id":"https:\/\/www.arenales.com.br\/blog\/acao-de-castracao-tem-apoio-da-arenales\/#breadcrumb"},"inLanguage":"pt-BR","potentialAction":[{"@type":"ReadAction","target":["https:\/\/www.arenales.com.br\/blog\/acao-de-castracao-tem-apoio-da-arenales\/"]}]},{"@type":"ImageObject","inLanguage":"pt-BR","@id":"https:\/\/www.arenales.com.br\/blog\/acao-de-castracao-tem-apoio-da-arenales\/#primaryimage","url":"https:\/\/www.arenales.com.br\/blog\/wp-content\/uploads\/2020\/11\/capa_arenales.png","contentUrl":"https:\/\/www.arenales.com.br\/blog\/wp-content\/uploads\/2020\/11\/capa_arenales.png","width":1200,"height":628},{"@type":"BreadcrumbList","@id":"https:\/\/www.arenales.com.br\/blog\/acao-de-castracao-tem-apoio-da-arenales\/#breadcrumb","itemListElement":[{"@type":"ListItem","position":1,"name":"In\u00edcio","item":"https:\/\/www.arenales.com.br\/blog\/"},{"@type":"ListItem","position":2,"name":"A\u00e7\u00e3o de castra\u00e7\u00e3o tem apoio da Arenales"}]},{"@type":"WebSite","@id":"https:\/\/www.arenales.com.br\/blog\/#website","url":"https:\/\/www.arenales.com.br\/blog\/","name":"Arenales | Blog","description":"Not\u00edcias sobre Homeopatia Animal","potentialAction":[{"@type":"SearchAction","target":{"@type":"EntryPoint","urlTemplate":"https:\/\/www.arenales.com.br\/blog\/?s={search_term_string}"},"query-input":{"@type":"PropertyValueSpecification","valueRequired":true,"valueName":"search_term_string"}}],"inLanguage":"pt-BR"},{"@type":"Person","@id":"https:\/\/www.arenales.com.br\/blog\/#\/schema\/person\/4b16e8118397dad78148183d61788f70","name":"Redator Oxigenweb","image":{"@type":"ImageObject","inLanguage":"pt-BR","@id":"https:\/\/www.arenales.com.br\/blog\/#\/schema\/person\/image\/","url":"https:\/\/secure.gravatar.com\/avatar\/ff2ae70070243f5b9bcec4c798c21fce81251988fc5ea61e314458603dcb0508?s=96&d=mm&r=g","contentUrl":"https:\/\/secure.gravatar.com\/avatar\/ff2ae70070243f5b9bcec4c798c21fce81251988fc5ea61e314458603dcb0508?s=96&d=mm&r=g","caption":"Redator Oxigenweb"},"url":"https:\/\/www.arenales.com.br\/blog\/author\/redatoro2\/"}]}},"_links":{"self":[{"href":"https:\/\/www.arenales.com.br\/blog\/wp-json\/wp\/v2\/posts\/1057","targetHints":{"allow":["GET"]}}],"collection":[{"href":"https:\/\/www.arenales.com.br\/blog\/wp-json\/wp\/v2\/posts"}],"about":[{"href":"https:\/\/www.arenales.com.br\/blog\/wp-json\/wp\/v2\/types\/post"}],"author":[{"embeddable":true,"href":"https:\/\/www.arenales.com.br\/blog\/wp-json\/wp\/v2\/users\/5"}],"replies":[{"embeddable":true,"href":"https:\/\/www.arenales.com.br\/blog\/wp-json\/wp\/v2\/comments?post=1057"}],"version-history":[{"count":0,"href":"https:\/\/www.arenales.com.br\/blog\/wp-json\/wp\/v2\/posts\/1057\/revisions"}],"wp:featuredmedia":[{"embeddable":true,"href":"https:\/\/www.arenales.com.br\/blog\/wp-json\/wp\/v2\/media\/1193"}],"wp:attachment":[{"href":"https:\/\/www.arenales.com.br\/blog\/wp-json\/wp\/v2\/media?parent=1057"}],"wp:term":[{"taxonomy":"category","embeddable":true,"href":"https:\/\/www.arenales.com.br\/blog\/wp-json\/wp\/v2\/categories?post=1057"},{"taxonomy":"post_tag","embeddable":true,"href":"https:\/\/www.arenales.com.br\/blog\/wp-json\/wp\/v2\/tags?post=1057"}],"curies":[{"name":"wp","href":"https:\/\/api.w.org\/{rel}","templated":true}]}}