{"id":1048,"date":"2018-09-06T09:52:20","date_gmt":"2018-09-06T12:52:20","guid":{"rendered":"https:\/\/arenales.com.br\/?p=6508"},"modified":"2018-09-06T09:52:20","modified_gmt":"2018-09-06T12:52:20","slug":"arenales-participa-de-evento-para-reduzir-uso-de-antibioticos","status":"publish","type":"post","link":"https:\/\/www.arenales.com.br\/blog\/arenales-participa-de-evento-para-reduzir-uso-de-antibioticos\/","title":{"rendered":"Arenales participa de evento para reduzir uso de antibi\u00f3ticos"},"content":{"rendered":"<p><!--:pt--><a href=\"https:\/\/www.arenales.com.br\/blog\/wp-content\/uploads\/2018\/09\/IMG-5170.jpg\"><img loading=\"lazy\" decoding=\"async\" src=\"https:\/\/www.arenales.com.br\/blog\/wp-content\/uploads\/2018\/09\/IMG-5170-300x225.jpg\" alt=\"\" width=\"300\" height=\"225\" class=\"alignleft size-medium wp-image-6509\" \/><\/a>Clientes e parceiros j\u00e1 sabem que a A Arenales Homeopatianimal fabrica somente medicamentos naturais que n\u00e3o geram carga residual nos animais e consequentemente nos seres humanos que ingerem seus derivados. E a empresa sempre est\u00e1 atenta ao uso indiscriminado de medicamentos qu\u00edmicos pelos produtores rurais. <\/p>\n<p>Como forma desses compromissos com o bem estar animal e proposta de redu\u00e7\u00e3o de medicamentos qu\u00edmicos para prevenir e tratar doen\u00e7as, a Arenales participou em S\u00e3o Paulo (SP), do evento chamado &#8216;Alian\u00e7a&#8217; para o Uso Respons\u00e1vel de Antimicrobianos. O projeto \u00e9 uma resposta ao Plano de A\u00e7\u00e3o de Preven\u00e7\u00e3o e Controle da Resist\u00eancia aos Antimicrobianos (PAN-BR Agro), do Minist\u00e9rio da Agricultura, que convocou o setor privado \u00e0 a\u00e7\u00e3o. O programa do Mapa determina estrat\u00e9gias para promover seguran\u00e7a no uso de antibi\u00f3ticos em animais.<\/p>\n<p>Nesse sentido, a Alian\u00e7a vem como complemento ao plano governamental. \u201cA Alian\u00e7a entra nisso para tentar facilitar o trabalho do Mapa no que diz respeito ao uso em medicina veterin\u00e1ria. Mas s\u00e3o eles que v\u00e3o definir os riscos e quais s\u00e3o os antimicrobianos criticamente importantes, usados tamb\u00e9m no tratamento humano\u201d, explica Jo\u00e3o Palermo Neto, consultor independente da Alian\u00e7a e professor titular da USP.<\/p>\n<p>Entre os objetivos da Alian\u00e7a est\u00e3o proteger a sa\u00fade e o bem-estar animal em uma abordagem unificada, promover o uso de antibi\u00f3ticos de forma racional e respons\u00e1vel, incentivar o desenvolvimento de novos produtos e tecnologias para a preven\u00e7\u00e3o e o tratamento de doen\u00e7as, proteger o com\u00e9rcio de prote\u00edna animal, e aumentar o conhecimento, a comunica\u00e7\u00e3o e a transpar\u00eancia sobre o tema.<\/p>\n<p>Segundo Sheila Guebara, coordenadora da Alian\u00e7a, a iniciativa atuar\u00e1 em quatro frentes: comunica\u00e7\u00e3o, educa\u00e7\u00e3o e capacita\u00e7\u00e3o no uso de antibi\u00f3ticos de forma consciente; coleta e invent\u00e1rio do uso de antimicrobianos; vigil\u00e2ncia de bact\u00e9rias resistentes; e log\u00edstica reversa, com o recolhimento de embalagens junto aos produtores.<\/p>\n<p>Mais do que reduzir o uso de antibi\u00f3ticos, o professor da USP acredita que \u00e9 importante promov\u00ea-lo na dose certa, no momento certo e para a esp\u00e9cie indicada. S\u00e3o quatro os momentos principais de uso de antibi\u00f3ticos, segundo Palermo. O primeiro \u00e9 como tratamento terap\u00eautico quando o animal j\u00e1 est\u00e1 doente. Como metafil\u00e1tico, quando o animal n\u00e3o est\u00e1 doente, mas compartilha o ambiente com outros que est\u00e3o. Terceiro, para prevenir doen\u00e7as em ocasi\u00f5es em que j\u00e1 se sabe que elas podem ocorrer. \u201cNa desmama dos su\u00ednos, por exemplo, em que a imunidade desses animais cai, antes de eles apresentarem algum problema voc\u00ea j\u00e1 administra o antibi\u00f3tico\u201d. Por \u00faltimo, o uso como aditivo para estimular o crescimento e aumentar o desempenho dos animais.<\/p>\n<p>Nessa quest\u00e3o de promover o uso consciente, de acordo com Gabriela Mura, t\u00e9cnica do Sindicato Nacional da Ind\u00fastria de Produtos para Sa\u00fade Animal (Sindan), o Mapa estuda a possibilidade de exigir prescri\u00e7\u00e3o veterin\u00e1ria para a compra de antibi\u00f3ticos para animais de forma similar ao que \u00e9 feito para humanos, em que a receita m\u00e9dica \u00e9 obrigat\u00f3ria e fica retida na farm\u00e1cia.<\/p>\n<p>Fazem parte da Alian\u00e7a as seguintes entidades: Associa\u00e7\u00e3o Brasileira do Agroneg\u00f3cio (Abag), Associa\u00e7\u00e3o Brasileira dos Criadores de Su\u00ednos (ABCS), Associa\u00e7\u00e3o Brasileira das Ind\u00fastrias Exportadoras de Carnes (Abiec), Sindicato Nacional da Ind\u00fastria de Produtos para Sa\u00fade Animal (Sindan), Associa\u00e7\u00e3o dos Laborat\u00f3rios Farmac\u00eauticos Nacionais (Alanac), Sindicato Nacional da Ind\u00fastria de Alimenta\u00e7\u00e3o Animal (Sindira\u00e7\u00f5es), Associa\u00e7\u00e3o Brasileira de Prote\u00edna Animal (ABPA), Associa\u00e7\u00e3o Nacional da Pecu\u00e1ria Intensiva (Assocon), Confedera\u00e7\u00e3o da Agricultura e Pecu\u00e1ria (CNA), Associa\u00e7\u00e3o Brasileira de Latic\u00ednios (Viva L\u00e1cteos), Associa\u00e7\u00e3o Brasileira da Ind\u00fastria Farmoqu\u00edmica e de Insumos Farmac\u00eauticos (Abiquifi) e Associa\u00e7\u00e3o Brasileira da Piscicultura (Peixe BR).<\/p>\n<p><strong>Hist\u00f3rico<\/strong><\/p>\n<p>Palermo Neto explica que a necessidade de um plano para preven\u00e7\u00e3o e controle da resist\u00eancia de antimicrobianos surgiu quando a Organiza\u00e7\u00e3o Mundial de Sa\u00fade Animal (OIE) entendeu que o n\u00famero de bact\u00e9rias resistentes estava aumentando e que era preciso uma forma de conter esse problema. \u201cCriou-se ent\u00e3o o conceito de sa\u00fade \u00fanica, em que medicina humana e veterin\u00e1ria teriam de trabalhar juntas para reduzir o n\u00famero de bact\u00e9rias resistentes aos antimicrobianos\u201d, afirma. A Organiza\u00e7\u00e3o Mundial da Sa\u00fade (OMS) e a OIE propuseram um projeto de controle da resist\u00eancia. O Brasil, como membro da OIE, assumiu o compromisso de instituir um plano nacional, que vem sendo conduzido pelo Minist\u00e9rio da Sa\u00fade, Anvisa e pelo Mapa no que diz respeito \u00e0 medicina veterin\u00e1ria. \u201cAssim, com o PAN BR, o Mapa vai buscar saber quais bact\u00e9rias s\u00e3o resistentes, quais delas pesquisar, porque n\u00e3o se pode discutir resist\u00eancia microbiana para todas as bact\u00e9rias de uma vez. E a\u00ed vamos saber aonde estamos e aonde queremos chegar\u201d, diz Palermo, sendo a Alian\u00e7a uma nova institui\u00e7\u00e3o criada para colaborar com a iniciativa p\u00fablica nesse caminho.<\/p>\n<p>De acordo com Palermo, o minist\u00e9rio prop\u00f4s iniciar o plano com a Salmonella, g\u00eanero de bact\u00e9rias altamente relevante para a ind\u00fastria de frango.<\/p>\n<p><em>Fonte: Portal DBO<\/em><\/p>\n","protected":false},"excerpt":{"rendered":"<p>Clientes e parceiros j\u00e1 sabem que a A Arenales Homeopatianimal fabrica somente medicamentos naturais que n\u00e3o geram carga residual nos animais e consequentemente nos seres humanos que ingerem seus derivados. E a empresa sempre est\u00e1 atenta ao uso indiscriminado de medicamentos qu\u00edmicos pelos produtores rurais. Como forma desses compromissos com o bem estar animal e&#8230;<\/p>\n","protected":false},"author":5,"featured_media":1193,"comment_status":"open","ping_status":"open","sticky":false,"template":"","format":"standard","meta":{"footnotes":""},"categories":[1],"tags":[],"class_list":["post-1048","post","type-post","status-publish","format-standard","has-post-thumbnail","hentry","category-noticias"],"yoast_head":"<!-- This site is optimized with the Yoast SEO plugin v27.0 - https:\/\/yoast.com\/product\/yoast-seo-wordpress\/ -->\n<title>Arenales participa de evento para reduzir uso de antibi\u00f3ticos - Arenales | Blog<\/title>\n<meta name=\"description\" content=\"Leia sobre Arenales participa de evento para reduzir uso de antibi\u00f3ticos, aqui na Arenales | Blog - Not\u00edcias sobre Homeopatia Animal\" \/>\n<meta name=\"robots\" content=\"index, follow, max-snippet:-1, max-image-preview:large, max-video-preview:-1\" \/>\n<link rel=\"canonical\" href=\"https:\/\/www.arenales.com.br\/blog\/arenales-participa-de-evento-para-reduzir-uso-de-antibioticos\/\" \/>\n<meta property=\"og:locale\" content=\"pt_BR\" \/>\n<meta property=\"og:type\" content=\"article\" \/>\n<meta property=\"og:title\" content=\"Arenales participa de evento para reduzir uso de antibi\u00f3ticos - Arenales | Blog\" \/>\n<meta property=\"og:description\" content=\"Leia sobre Arenales participa de evento para reduzir uso de antibi\u00f3ticos, aqui na Arenales | Blog - Not\u00edcias sobre Homeopatia Animal\" \/>\n<meta property=\"og:url\" content=\"https:\/\/www.arenales.com.br\/blog\/arenales-participa-de-evento-para-reduzir-uso-de-antibioticos\/\" \/>\n<meta property=\"og:site_name\" content=\"Arenales | Blog\" \/>\n<meta property=\"article:published_time\" content=\"2018-09-06T12:52:20+00:00\" \/>\n<meta property=\"og:image\" content=\"https:\/\/www.arenales.com.br\/blog\/wp-content\/uploads\/2020\/11\/capa_arenales.png\" \/>\n\t<meta property=\"og:image:width\" content=\"1200\" \/>\n\t<meta property=\"og:image:height\" content=\"628\" \/>\n\t<meta property=\"og:image:type\" content=\"image\/png\" \/>\n<meta name=\"author\" content=\"Redator Oxigenweb\" \/>\n<meta name=\"twitter:card\" content=\"summary_large_image\" \/>\n<meta name=\"twitter:label1\" content=\"Escrito por\" \/>\n\t<meta name=\"twitter:data1\" content=\"Redator Oxigenweb\" \/>\n\t<meta name=\"twitter:label2\" content=\"Est. tempo de leitura\" \/>\n\t<meta name=\"twitter:data2\" content=\"4 minutos\" \/>\n<script type=\"application\/ld+json\" class=\"yoast-schema-graph\">{\"@context\":\"https:\/\/schema.org\",\"@graph\":[{\"@type\":\"Article\",\"@id\":\"https:\/\/www.arenales.com.br\/blog\/arenales-participa-de-evento-para-reduzir-uso-de-antibioticos\/#article\",\"isPartOf\":{\"@id\":\"https:\/\/www.arenales.com.br\/blog\/arenales-participa-de-evento-para-reduzir-uso-de-antibioticos\/\"},\"author\":{\"name\":\"Redator Oxigenweb\",\"@id\":\"https:\/\/www.arenales.com.br\/blog\/#\/schema\/person\/4b16e8118397dad78148183d61788f70\"},\"headline\":\"Arenales participa de evento para reduzir uso de antibi\u00f3ticos\",\"datePublished\":\"2018-09-06T12:52:20+00:00\",\"mainEntityOfPage\":{\"@id\":\"https:\/\/www.arenales.com.br\/blog\/arenales-participa-de-evento-para-reduzir-uso-de-antibioticos\/\"},\"wordCount\":909,\"commentCount\":0,\"image\":{\"@id\":\"https:\/\/www.arenales.com.br\/blog\/arenales-participa-de-evento-para-reduzir-uso-de-antibioticos\/#primaryimage\"},\"thumbnailUrl\":\"https:\/\/www.arenales.com.br\/blog\/wp-content\/uploads\/2020\/11\/capa_arenales.png\",\"articleSection\":[\"Not\u00edcias\"],\"inLanguage\":\"pt-BR\",\"potentialAction\":[{\"@type\":\"CommentAction\",\"name\":\"Comment\",\"target\":[\"https:\/\/www.arenales.com.br\/blog\/arenales-participa-de-evento-para-reduzir-uso-de-antibioticos\/#respond\"]}]},{\"@type\":\"WebPage\",\"@id\":\"https:\/\/www.arenales.com.br\/blog\/arenales-participa-de-evento-para-reduzir-uso-de-antibioticos\/\",\"url\":\"https:\/\/www.arenales.com.br\/blog\/arenales-participa-de-evento-para-reduzir-uso-de-antibioticos\/\",\"name\":\"Arenales participa de evento para reduzir uso de antibi\u00f3ticos - Arenales | Blog\",\"isPartOf\":{\"@id\":\"https:\/\/www.arenales.com.br\/blog\/#website\"},\"primaryImageOfPage\":{\"@id\":\"https:\/\/www.arenales.com.br\/blog\/arenales-participa-de-evento-para-reduzir-uso-de-antibioticos\/#primaryimage\"},\"image\":{\"@id\":\"https:\/\/www.arenales.com.br\/blog\/arenales-participa-de-evento-para-reduzir-uso-de-antibioticos\/#primaryimage\"},\"thumbnailUrl\":\"https:\/\/www.arenales.com.br\/blog\/wp-content\/uploads\/2020\/11\/capa_arenales.png\",\"datePublished\":\"2018-09-06T12:52:20+00:00\",\"author\":{\"@id\":\"https:\/\/www.arenales.com.br\/blog\/#\/schema\/person\/4b16e8118397dad78148183d61788f70\"},\"description\":\"Leia sobre Arenales participa de evento para reduzir uso de antibi\u00f3ticos, aqui na Arenales | Blog - Not\u00edcias sobre Homeopatia Animal\",\"breadcrumb\":{\"@id\":\"https:\/\/www.arenales.com.br\/blog\/arenales-participa-de-evento-para-reduzir-uso-de-antibioticos\/#breadcrumb\"},\"inLanguage\":\"pt-BR\",\"potentialAction\":[{\"@type\":\"ReadAction\",\"target\":[\"https:\/\/www.arenales.com.br\/blog\/arenales-participa-de-evento-para-reduzir-uso-de-antibioticos\/\"]}]},{\"@type\":\"ImageObject\",\"inLanguage\":\"pt-BR\",\"@id\":\"https:\/\/www.arenales.com.br\/blog\/arenales-participa-de-evento-para-reduzir-uso-de-antibioticos\/#primaryimage\",\"url\":\"https:\/\/www.arenales.com.br\/blog\/wp-content\/uploads\/2020\/11\/capa_arenales.png\",\"contentUrl\":\"https:\/\/www.arenales.com.br\/blog\/wp-content\/uploads\/2020\/11\/capa_arenales.png\",\"width\":1200,\"height\":628},{\"@type\":\"BreadcrumbList\",\"@id\":\"https:\/\/www.arenales.com.br\/blog\/arenales-participa-de-evento-para-reduzir-uso-de-antibioticos\/#breadcrumb\",\"itemListElement\":[{\"@type\":\"ListItem\",\"position\":1,\"name\":\"In\u00edcio\",\"item\":\"https:\/\/www.arenales.com.br\/blog\/\"},{\"@type\":\"ListItem\",\"position\":2,\"name\":\"Arenales participa de evento para reduzir uso de antibi\u00f3ticos\"}]},{\"@type\":\"WebSite\",\"@id\":\"https:\/\/www.arenales.com.br\/blog\/#website\",\"url\":\"https:\/\/www.arenales.com.br\/blog\/\",\"name\":\"Arenales | Blog\",\"description\":\"Not\u00edcias sobre Homeopatia Animal\",\"potentialAction\":[{\"@type\":\"SearchAction\",\"target\":{\"@type\":\"EntryPoint\",\"urlTemplate\":\"https:\/\/www.arenales.com.br\/blog\/?s={search_term_string}\"},\"query-input\":{\"@type\":\"PropertyValueSpecification\",\"valueRequired\":true,\"valueName\":\"search_term_string\"}}],\"inLanguage\":\"pt-BR\"},{\"@type\":\"Person\",\"@id\":\"https:\/\/www.arenales.com.br\/blog\/#\/schema\/person\/4b16e8118397dad78148183d61788f70\",\"name\":\"Redator Oxigenweb\",\"image\":{\"@type\":\"ImageObject\",\"inLanguage\":\"pt-BR\",\"@id\":\"https:\/\/www.arenales.com.br\/blog\/#\/schema\/person\/image\/\",\"url\":\"https:\/\/secure.gravatar.com\/avatar\/ff2ae70070243f5b9bcec4c798c21fce81251988fc5ea61e314458603dcb0508?s=96&d=mm&r=g\",\"contentUrl\":\"https:\/\/secure.gravatar.com\/avatar\/ff2ae70070243f5b9bcec4c798c21fce81251988fc5ea61e314458603dcb0508?s=96&d=mm&r=g\",\"caption\":\"Redator Oxigenweb\"},\"url\":\"https:\/\/www.arenales.com.br\/blog\/author\/redatoro2\/\"}]}<\/script>\n<!-- \/ Yoast SEO plugin. -->","yoast_head_json":{"title":"Arenales participa de evento para reduzir uso de antibi\u00f3ticos - Arenales | Blog","description":"Leia sobre Arenales participa de evento para reduzir uso de antibi\u00f3ticos, aqui na Arenales | Blog - Not\u00edcias sobre Homeopatia Animal","robots":{"index":"index","follow":"follow","max-snippet":"max-snippet:-1","max-image-preview":"max-image-preview:large","max-video-preview":"max-video-preview:-1"},"canonical":"https:\/\/www.arenales.com.br\/blog\/arenales-participa-de-evento-para-reduzir-uso-de-antibioticos\/","og_locale":"pt_BR","og_type":"article","og_title":"Arenales participa de evento para reduzir uso de antibi\u00f3ticos - Arenales | Blog","og_description":"Leia sobre Arenales participa de evento para reduzir uso de antibi\u00f3ticos, aqui na Arenales | Blog - Not\u00edcias sobre Homeopatia Animal","og_url":"https:\/\/www.arenales.com.br\/blog\/arenales-participa-de-evento-para-reduzir-uso-de-antibioticos\/","og_site_name":"Arenales | Blog","article_published_time":"2018-09-06T12:52:20+00:00","og_image":[{"width":1200,"height":628,"url":"https:\/\/www.arenales.com.br\/blog\/wp-content\/uploads\/2020\/11\/capa_arenales.png","type":"image\/png"}],"author":"Redator Oxigenweb","twitter_card":"summary_large_image","twitter_misc":{"Escrito por":"Redator Oxigenweb","Est. tempo de leitura":"4 minutos"},"schema":{"@context":"https:\/\/schema.org","@graph":[{"@type":"Article","@id":"https:\/\/www.arenales.com.br\/blog\/arenales-participa-de-evento-para-reduzir-uso-de-antibioticos\/#article","isPartOf":{"@id":"https:\/\/www.arenales.com.br\/blog\/arenales-participa-de-evento-para-reduzir-uso-de-antibioticos\/"},"author":{"name":"Redator Oxigenweb","@id":"https:\/\/www.arenales.com.br\/blog\/#\/schema\/person\/4b16e8118397dad78148183d61788f70"},"headline":"Arenales participa de evento para reduzir uso de antibi\u00f3ticos","datePublished":"2018-09-06T12:52:20+00:00","mainEntityOfPage":{"@id":"https:\/\/www.arenales.com.br\/blog\/arenales-participa-de-evento-para-reduzir-uso-de-antibioticos\/"},"wordCount":909,"commentCount":0,"image":{"@id":"https:\/\/www.arenales.com.br\/blog\/arenales-participa-de-evento-para-reduzir-uso-de-antibioticos\/#primaryimage"},"thumbnailUrl":"https:\/\/www.arenales.com.br\/blog\/wp-content\/uploads\/2020\/11\/capa_arenales.png","articleSection":["Not\u00edcias"],"inLanguage":"pt-BR","potentialAction":[{"@type":"CommentAction","name":"Comment","target":["https:\/\/www.arenales.com.br\/blog\/arenales-participa-de-evento-para-reduzir-uso-de-antibioticos\/#respond"]}]},{"@type":"WebPage","@id":"https:\/\/www.arenales.com.br\/blog\/arenales-participa-de-evento-para-reduzir-uso-de-antibioticos\/","url":"https:\/\/www.arenales.com.br\/blog\/arenales-participa-de-evento-para-reduzir-uso-de-antibioticos\/","name":"Arenales participa de evento para reduzir uso de antibi\u00f3ticos - Arenales | Blog","isPartOf":{"@id":"https:\/\/www.arenales.com.br\/blog\/#website"},"primaryImageOfPage":{"@id":"https:\/\/www.arenales.com.br\/blog\/arenales-participa-de-evento-para-reduzir-uso-de-antibioticos\/#primaryimage"},"image":{"@id":"https:\/\/www.arenales.com.br\/blog\/arenales-participa-de-evento-para-reduzir-uso-de-antibioticos\/#primaryimage"},"thumbnailUrl":"https:\/\/www.arenales.com.br\/blog\/wp-content\/uploads\/2020\/11\/capa_arenales.png","datePublished":"2018-09-06T12:52:20+00:00","author":{"@id":"https:\/\/www.arenales.com.br\/blog\/#\/schema\/person\/4b16e8118397dad78148183d61788f70"},"description":"Leia sobre Arenales participa de evento para reduzir uso de antibi\u00f3ticos, aqui na Arenales | Blog - Not\u00edcias sobre Homeopatia Animal","breadcrumb":{"@id":"https:\/\/www.arenales.com.br\/blog\/arenales-participa-de-evento-para-reduzir-uso-de-antibioticos\/#breadcrumb"},"inLanguage":"pt-BR","potentialAction":[{"@type":"ReadAction","target":["https:\/\/www.arenales.com.br\/blog\/arenales-participa-de-evento-para-reduzir-uso-de-antibioticos\/"]}]},{"@type":"ImageObject","inLanguage":"pt-BR","@id":"https:\/\/www.arenales.com.br\/blog\/arenales-participa-de-evento-para-reduzir-uso-de-antibioticos\/#primaryimage","url":"https:\/\/www.arenales.com.br\/blog\/wp-content\/uploads\/2020\/11\/capa_arenales.png","contentUrl":"https:\/\/www.arenales.com.br\/blog\/wp-content\/uploads\/2020\/11\/capa_arenales.png","width":1200,"height":628},{"@type":"BreadcrumbList","@id":"https:\/\/www.arenales.com.br\/blog\/arenales-participa-de-evento-para-reduzir-uso-de-antibioticos\/#breadcrumb","itemListElement":[{"@type":"ListItem","position":1,"name":"In\u00edcio","item":"https:\/\/www.arenales.com.br\/blog\/"},{"@type":"ListItem","position":2,"name":"Arenales participa de evento para reduzir uso de antibi\u00f3ticos"}]},{"@type":"WebSite","@id":"https:\/\/www.arenales.com.br\/blog\/#website","url":"https:\/\/www.arenales.com.br\/blog\/","name":"Arenales | Blog","description":"Not\u00edcias sobre Homeopatia Animal","potentialAction":[{"@type":"SearchAction","target":{"@type":"EntryPoint","urlTemplate":"https:\/\/www.arenales.com.br\/blog\/?s={search_term_string}"},"query-input":{"@type":"PropertyValueSpecification","valueRequired":true,"valueName":"search_term_string"}}],"inLanguage":"pt-BR"},{"@type":"Person","@id":"https:\/\/www.arenales.com.br\/blog\/#\/schema\/person\/4b16e8118397dad78148183d61788f70","name":"Redator Oxigenweb","image":{"@type":"ImageObject","inLanguage":"pt-BR","@id":"https:\/\/www.arenales.com.br\/blog\/#\/schema\/person\/image\/","url":"https:\/\/secure.gravatar.com\/avatar\/ff2ae70070243f5b9bcec4c798c21fce81251988fc5ea61e314458603dcb0508?s=96&d=mm&r=g","contentUrl":"https:\/\/secure.gravatar.com\/avatar\/ff2ae70070243f5b9bcec4c798c21fce81251988fc5ea61e314458603dcb0508?s=96&d=mm&r=g","caption":"Redator Oxigenweb"},"url":"https:\/\/www.arenales.com.br\/blog\/author\/redatoro2\/"}]}},"_links":{"self":[{"href":"https:\/\/www.arenales.com.br\/blog\/wp-json\/wp\/v2\/posts\/1048","targetHints":{"allow":["GET"]}}],"collection":[{"href":"https:\/\/www.arenales.com.br\/blog\/wp-json\/wp\/v2\/posts"}],"about":[{"href":"https:\/\/www.arenales.com.br\/blog\/wp-json\/wp\/v2\/types\/post"}],"author":[{"embeddable":true,"href":"https:\/\/www.arenales.com.br\/blog\/wp-json\/wp\/v2\/users\/5"}],"replies":[{"embeddable":true,"href":"https:\/\/www.arenales.com.br\/blog\/wp-json\/wp\/v2\/comments?post=1048"}],"version-history":[{"count":0,"href":"https:\/\/www.arenales.com.br\/blog\/wp-json\/wp\/v2\/posts\/1048\/revisions"}],"wp:featuredmedia":[{"embeddable":true,"href":"https:\/\/www.arenales.com.br\/blog\/wp-json\/wp\/v2\/media\/1193"}],"wp:attachment":[{"href":"https:\/\/www.arenales.com.br\/blog\/wp-json\/wp\/v2\/media?parent=1048"}],"wp:term":[{"taxonomy":"category","embeddable":true,"href":"https:\/\/www.arenales.com.br\/blog\/wp-json\/wp\/v2\/categories?post=1048"},{"taxonomy":"post_tag","embeddable":true,"href":"https:\/\/www.arenales.com.br\/blog\/wp-json\/wp\/v2\/tags?post=1048"}],"curies":[{"name":"wp","href":"https:\/\/api.w.org\/{rel}","templated":true}]}}