{"id":1046,"date":"2018-08-27T17:46:45","date_gmt":"2018-08-27T20:46:45","guid":{"rendered":"https:\/\/arenales.com.br\/?p=6500"},"modified":"2018-08-27T17:46:45","modified_gmt":"2018-08-27T20:46:45","slug":"2o-encontro-internacional-de-ciencias-agrarias-e-tecnologicas-tera-apoio-da-arenales","status":"publish","type":"post","link":"https:\/\/www.arenales.com.br\/blog\/2o-encontro-internacional-de-ciencias-agrarias-e-tecnologicas-tera-apoio-da-arenales\/","title":{"rendered":"2\u00ba Encontro Internacional de Ci\u00eancias Agr\u00e1rias e Tecnol\u00f3gicas ter\u00e1 apoio da Arenales"},"content":{"rendered":"<p><!--:pt--><a href=\"https:\/\/www.arenales.com.br\/blog\/wp-content\/uploads\/2018\/08\/logo-corrigida-jun-18.jpg\"><img loading=\"lazy\" decoding=\"async\" src=\"https:\/\/www.arenales.com.br\/blog\/wp-content\/uploads\/2018\/08\/logo-corrigida-jun-18-300x111.jpg\" alt=\"\" width=\"300\" height=\"111\" class=\"aligncenter size-medium wp-image-6501\" \/><\/a>O 2\u00ba Encontro Internacional de Ci\u00eancias Agr\u00e1rias e Tecnol\u00f3gicas promovido pela Faculdade de Ci\u00eancias Agr\u00e1rias e Tecnol\u00f3gicas de Dracena (SP), da Universidade Estadual Paulista (Unesp), ocorrer\u00e1 nos dias 26, 27 e 28 de setembro, no Sal\u00e3o Nobre da Faculdade Reges Dracena, localizada na Rodovia Eng. Biron de Azevedo Nogueira &#8211; Jardim Alvorada. O evento \u00e9 bil\u00edngue: ingl\u00eas e portugu\u00eas e conta com tradu\u00e7\u00f5es simult\u00e2neas.<\/p>\n<p> O encontro destina-se a discutir, debater e divulgar trabalhos de pesquisa de docentes, alunos e pesquisadores de institui\u00e7\u00f5es brasileiras e estrangeiras. O evento prev\u00ea confer\u00eancias e palestras com especialistas de longa trajet\u00f3ria profissional e renome internacional.<\/p>\n<p>Neste ano o tema do evento \u00e9 a \u201cAtualidades na Agropecu\u00e1ria: mudan\u00e7as, tend\u00eancias e impactos\u201d. Os trabalhos cient\u00edficos selecionados para o evento ser\u00e3o apresentados em pain\u00e9is e publicados nos Anais do evento, disponibilizados na forma eletr\u00f4nica. Haver\u00e1 premia\u00e7\u00e3o para os melhores trabalhos, e estes poder\u00e3o ser publicados em revistas cientificas.<\/p>\n<p>A Arenales Homeopatianimal como forma de incentivo as pesquisas relacionadas a efic\u00e1cia dos tratamentos relacionados a homeopatia veterin\u00e1ria \u00e9 uma das apoiadoras do evento. <\/p>\n","protected":false},"excerpt":{"rendered":"<p>O 2\u00ba Encontro Internacional de Ci\u00eancias Agr\u00e1rias e Tecnol\u00f3gicas promovido pela Faculdade de Ci\u00eancias Agr\u00e1rias e Tecnol\u00f3gicas de Dracena (SP), da Universidade Estadual Paulista (Unesp), ocorrer\u00e1 nos dias 26, 27 e 28 de setembro, no Sal\u00e3o Nobre da Faculdade Reges Dracena, localizada na Rodovia Eng. Biron de Azevedo Nogueira &#8211; Jardim Alvorada. O evento \u00e9&#8230;<\/p>\n","protected":false},"author":5,"featured_media":1193,"comment_status":"open","ping_status":"open","sticky":false,"template":"","format":"standard","meta":{"footnotes":""},"categories":[1],"tags":[],"class_list":["post-1046","post","type-post","status-publish","format-standard","has-post-thumbnail","hentry","category-noticias"],"yoast_head":"<!-- This site is optimized with the Yoast SEO plugin v27.0 - https:\/\/yoast.com\/product\/yoast-seo-wordpress\/ -->\n<title>2\u00ba Encontro Internacional de Ci\u00eancias Agr\u00e1rias e Tecnol\u00f3gicas ter\u00e1 apoio da Arenales - Arenales | Blog<\/title>\n<meta name=\"description\" content=\"Leia sobre 2\u00ba Encontro Internacional de Ci\u00eancias Agr\u00e1rias e Tecnol\u00f3gicas ter\u00e1 apoio da Arenales, aqui na Arenales | Blog - Not\u00edcias sobre Homeopatia Animal\" \/>\n<meta name=\"robots\" content=\"index, follow, max-snippet:-1, max-image-preview:large, max-video-preview:-1\" \/>\n<link rel=\"canonical\" href=\"https:\/\/www.arenales.com.br\/blog\/2o-encontro-internacional-de-ciencias-agrarias-e-tecnologicas-tera-apoio-da-arenales\/\" \/>\n<meta property=\"og:locale\" content=\"pt_BR\" \/>\n<meta property=\"og:type\" content=\"article\" \/>\n<meta property=\"og:title\" content=\"2\u00ba Encontro Internacional de Ci\u00eancias Agr\u00e1rias e Tecnol\u00f3gicas ter\u00e1 apoio da Arenales - Arenales | Blog\" \/>\n<meta property=\"og:description\" content=\"Leia sobre 2\u00ba Encontro Internacional de Ci\u00eancias Agr\u00e1rias e Tecnol\u00f3gicas ter\u00e1 apoio da Arenales, aqui na Arenales | Blog - Not\u00edcias sobre Homeopatia Animal\" \/>\n<meta property=\"og:url\" content=\"https:\/\/www.arenales.com.br\/blog\/2o-encontro-internacional-de-ciencias-agrarias-e-tecnologicas-tera-apoio-da-arenales\/\" \/>\n<meta property=\"og:site_name\" content=\"Arenales | Blog\" \/>\n<meta property=\"article:published_time\" content=\"2018-08-27T20:46:45+00:00\" \/>\n<meta property=\"og:image\" content=\"https:\/\/www.arenales.com.br\/blog\/wp-content\/uploads\/2020\/11\/capa_arenales.png\" \/>\n\t<meta property=\"og:image:width\" content=\"1200\" \/>\n\t<meta property=\"og:image:height\" content=\"628\" \/>\n\t<meta property=\"og:image:type\" content=\"image\/png\" \/>\n<meta name=\"author\" content=\"Redator Oxigenweb\" \/>\n<meta name=\"twitter:card\" content=\"summary_large_image\" \/>\n<meta name=\"twitter:label1\" content=\"Escrito por\" \/>\n\t<meta name=\"twitter:data1\" content=\"Redator Oxigenweb\" \/>\n\t<meta name=\"twitter:label2\" content=\"Est. tempo de leitura\" \/>\n\t<meta name=\"twitter:data2\" content=\"1 minuto\" \/>\n<script type=\"application\/ld+json\" class=\"yoast-schema-graph\">{\"@context\":\"https:\/\/schema.org\",\"@graph\":[{\"@type\":\"Article\",\"@id\":\"https:\/\/www.arenales.com.br\/blog\/2o-encontro-internacional-de-ciencias-agrarias-e-tecnologicas-tera-apoio-da-arenales\/#article\",\"isPartOf\":{\"@id\":\"https:\/\/www.arenales.com.br\/blog\/2o-encontro-internacional-de-ciencias-agrarias-e-tecnologicas-tera-apoio-da-arenales\/\"},\"author\":{\"name\":\"Redator Oxigenweb\",\"@id\":\"https:\/\/www.arenales.com.br\/blog\/#\/schema\/person\/4b16e8118397dad78148183d61788f70\"},\"headline\":\"2\u00ba Encontro Internacional de Ci\u00eancias Agr\u00e1rias e Tecnol\u00f3gicas ter\u00e1 apoio da Arenales\",\"datePublished\":\"2018-08-27T20:46:45+00:00\",\"mainEntityOfPage\":{\"@id\":\"https:\/\/www.arenales.com.br\/blog\/2o-encontro-internacional-de-ciencias-agrarias-e-tecnologicas-tera-apoio-da-arenales\/\"},\"wordCount\":207,\"commentCount\":0,\"image\":{\"@id\":\"https:\/\/www.arenales.com.br\/blog\/2o-encontro-internacional-de-ciencias-agrarias-e-tecnologicas-tera-apoio-da-arenales\/#primaryimage\"},\"thumbnailUrl\":\"https:\/\/www.arenales.com.br\/blog\/wp-content\/uploads\/2020\/11\/capa_arenales.png\",\"articleSection\":[\"Not\u00edcias\"],\"inLanguage\":\"pt-BR\",\"potentialAction\":[{\"@type\":\"CommentAction\",\"name\":\"Comment\",\"target\":[\"https:\/\/www.arenales.com.br\/blog\/2o-encontro-internacional-de-ciencias-agrarias-e-tecnologicas-tera-apoio-da-arenales\/#respond\"]}]},{\"@type\":\"WebPage\",\"@id\":\"https:\/\/www.arenales.com.br\/blog\/2o-encontro-internacional-de-ciencias-agrarias-e-tecnologicas-tera-apoio-da-arenales\/\",\"url\":\"https:\/\/www.arenales.com.br\/blog\/2o-encontro-internacional-de-ciencias-agrarias-e-tecnologicas-tera-apoio-da-arenales\/\",\"name\":\"2\u00ba Encontro Internacional de Ci\u00eancias Agr\u00e1rias e Tecnol\u00f3gicas ter\u00e1 apoio da Arenales - Arenales | Blog\",\"isPartOf\":{\"@id\":\"https:\/\/www.arenales.com.br\/blog\/#website\"},\"primaryImageOfPage\":{\"@id\":\"https:\/\/www.arenales.com.br\/blog\/2o-encontro-internacional-de-ciencias-agrarias-e-tecnologicas-tera-apoio-da-arenales\/#primaryimage\"},\"image\":{\"@id\":\"https:\/\/www.arenales.com.br\/blog\/2o-encontro-internacional-de-ciencias-agrarias-e-tecnologicas-tera-apoio-da-arenales\/#primaryimage\"},\"thumbnailUrl\":\"https:\/\/www.arenales.com.br\/blog\/wp-content\/uploads\/2020\/11\/capa_arenales.png\",\"datePublished\":\"2018-08-27T20:46:45+00:00\",\"author\":{\"@id\":\"https:\/\/www.arenales.com.br\/blog\/#\/schema\/person\/4b16e8118397dad78148183d61788f70\"},\"description\":\"Leia sobre 2\u00ba Encontro Internacional de Ci\u00eancias Agr\u00e1rias e Tecnol\u00f3gicas ter\u00e1 apoio da Arenales, aqui na Arenales | Blog - Not\u00edcias sobre Homeopatia Animal\",\"breadcrumb\":{\"@id\":\"https:\/\/www.arenales.com.br\/blog\/2o-encontro-internacional-de-ciencias-agrarias-e-tecnologicas-tera-apoio-da-arenales\/#breadcrumb\"},\"inLanguage\":\"pt-BR\",\"potentialAction\":[{\"@type\":\"ReadAction\",\"target\":[\"https:\/\/www.arenales.com.br\/blog\/2o-encontro-internacional-de-ciencias-agrarias-e-tecnologicas-tera-apoio-da-arenales\/\"]}]},{\"@type\":\"ImageObject\",\"inLanguage\":\"pt-BR\",\"@id\":\"https:\/\/www.arenales.com.br\/blog\/2o-encontro-internacional-de-ciencias-agrarias-e-tecnologicas-tera-apoio-da-arenales\/#primaryimage\",\"url\":\"https:\/\/www.arenales.com.br\/blog\/wp-content\/uploads\/2020\/11\/capa_arenales.png\",\"contentUrl\":\"https:\/\/www.arenales.com.br\/blog\/wp-content\/uploads\/2020\/11\/capa_arenales.png\",\"width\":1200,\"height\":628},{\"@type\":\"BreadcrumbList\",\"@id\":\"https:\/\/www.arenales.com.br\/blog\/2o-encontro-internacional-de-ciencias-agrarias-e-tecnologicas-tera-apoio-da-arenales\/#breadcrumb\",\"itemListElement\":[{\"@type\":\"ListItem\",\"position\":1,\"name\":\"In\u00edcio\",\"item\":\"https:\/\/www.arenales.com.br\/blog\/\"},{\"@type\":\"ListItem\",\"position\":2,\"name\":\"2\u00ba Encontro Internacional de Ci\u00eancias Agr\u00e1rias e Tecnol\u00f3gicas ter\u00e1 apoio da Arenales\"}]},{\"@type\":\"WebSite\",\"@id\":\"https:\/\/www.arenales.com.br\/blog\/#website\",\"url\":\"https:\/\/www.arenales.com.br\/blog\/\",\"name\":\"Arenales | Blog\",\"description\":\"Not\u00edcias sobre Homeopatia Animal\",\"potentialAction\":[{\"@type\":\"SearchAction\",\"target\":{\"@type\":\"EntryPoint\",\"urlTemplate\":\"https:\/\/www.arenales.com.br\/blog\/?s={search_term_string}\"},\"query-input\":{\"@type\":\"PropertyValueSpecification\",\"valueRequired\":true,\"valueName\":\"search_term_string\"}}],\"inLanguage\":\"pt-BR\"},{\"@type\":\"Person\",\"@id\":\"https:\/\/www.arenales.com.br\/blog\/#\/schema\/person\/4b16e8118397dad78148183d61788f70\",\"name\":\"Redator Oxigenweb\",\"image\":{\"@type\":\"ImageObject\",\"inLanguage\":\"pt-BR\",\"@id\":\"https:\/\/www.arenales.com.br\/blog\/#\/schema\/person\/image\/\",\"url\":\"https:\/\/secure.gravatar.com\/avatar\/ff2ae70070243f5b9bcec4c798c21fce81251988fc5ea61e314458603dcb0508?s=96&d=mm&r=g\",\"contentUrl\":\"https:\/\/secure.gravatar.com\/avatar\/ff2ae70070243f5b9bcec4c798c21fce81251988fc5ea61e314458603dcb0508?s=96&d=mm&r=g\",\"caption\":\"Redator Oxigenweb\"},\"url\":\"https:\/\/www.arenales.com.br\/blog\/author\/redatoro2\/\"}]}<\/script>\n<!-- \/ Yoast SEO plugin. -->","yoast_head_json":{"title":"2\u00ba Encontro Internacional de Ci\u00eancias Agr\u00e1rias e Tecnol\u00f3gicas ter\u00e1 apoio da Arenales - Arenales | Blog","description":"Leia sobre 2\u00ba Encontro Internacional de Ci\u00eancias Agr\u00e1rias e Tecnol\u00f3gicas ter\u00e1 apoio da Arenales, aqui na Arenales | Blog - Not\u00edcias sobre Homeopatia Animal","robots":{"index":"index","follow":"follow","max-snippet":"max-snippet:-1","max-image-preview":"max-image-preview:large","max-video-preview":"max-video-preview:-1"},"canonical":"https:\/\/www.arenales.com.br\/blog\/2o-encontro-internacional-de-ciencias-agrarias-e-tecnologicas-tera-apoio-da-arenales\/","og_locale":"pt_BR","og_type":"article","og_title":"2\u00ba Encontro Internacional de Ci\u00eancias Agr\u00e1rias e Tecnol\u00f3gicas ter\u00e1 apoio da Arenales - Arenales | Blog","og_description":"Leia sobre 2\u00ba Encontro Internacional de Ci\u00eancias Agr\u00e1rias e Tecnol\u00f3gicas ter\u00e1 apoio da Arenales, aqui na Arenales | Blog - Not\u00edcias sobre Homeopatia Animal","og_url":"https:\/\/www.arenales.com.br\/blog\/2o-encontro-internacional-de-ciencias-agrarias-e-tecnologicas-tera-apoio-da-arenales\/","og_site_name":"Arenales | Blog","article_published_time":"2018-08-27T20:46:45+00:00","og_image":[{"width":1200,"height":628,"url":"https:\/\/www.arenales.com.br\/blog\/wp-content\/uploads\/2020\/11\/capa_arenales.png","type":"image\/png"}],"author":"Redator Oxigenweb","twitter_card":"summary_large_image","twitter_misc":{"Escrito por":"Redator Oxigenweb","Est. tempo de leitura":"1 minuto"},"schema":{"@context":"https:\/\/schema.org","@graph":[{"@type":"Article","@id":"https:\/\/www.arenales.com.br\/blog\/2o-encontro-internacional-de-ciencias-agrarias-e-tecnologicas-tera-apoio-da-arenales\/#article","isPartOf":{"@id":"https:\/\/www.arenales.com.br\/blog\/2o-encontro-internacional-de-ciencias-agrarias-e-tecnologicas-tera-apoio-da-arenales\/"},"author":{"name":"Redator Oxigenweb","@id":"https:\/\/www.arenales.com.br\/blog\/#\/schema\/person\/4b16e8118397dad78148183d61788f70"},"headline":"2\u00ba Encontro Internacional de Ci\u00eancias Agr\u00e1rias e Tecnol\u00f3gicas ter\u00e1 apoio da Arenales","datePublished":"2018-08-27T20:46:45+00:00","mainEntityOfPage":{"@id":"https:\/\/www.arenales.com.br\/blog\/2o-encontro-internacional-de-ciencias-agrarias-e-tecnologicas-tera-apoio-da-arenales\/"},"wordCount":207,"commentCount":0,"image":{"@id":"https:\/\/www.arenales.com.br\/blog\/2o-encontro-internacional-de-ciencias-agrarias-e-tecnologicas-tera-apoio-da-arenales\/#primaryimage"},"thumbnailUrl":"https:\/\/www.arenales.com.br\/blog\/wp-content\/uploads\/2020\/11\/capa_arenales.png","articleSection":["Not\u00edcias"],"inLanguage":"pt-BR","potentialAction":[{"@type":"CommentAction","name":"Comment","target":["https:\/\/www.arenales.com.br\/blog\/2o-encontro-internacional-de-ciencias-agrarias-e-tecnologicas-tera-apoio-da-arenales\/#respond"]}]},{"@type":"WebPage","@id":"https:\/\/www.arenales.com.br\/blog\/2o-encontro-internacional-de-ciencias-agrarias-e-tecnologicas-tera-apoio-da-arenales\/","url":"https:\/\/www.arenales.com.br\/blog\/2o-encontro-internacional-de-ciencias-agrarias-e-tecnologicas-tera-apoio-da-arenales\/","name":"2\u00ba Encontro Internacional de Ci\u00eancias Agr\u00e1rias e Tecnol\u00f3gicas ter\u00e1 apoio da Arenales - Arenales | Blog","isPartOf":{"@id":"https:\/\/www.arenales.com.br\/blog\/#website"},"primaryImageOfPage":{"@id":"https:\/\/www.arenales.com.br\/blog\/2o-encontro-internacional-de-ciencias-agrarias-e-tecnologicas-tera-apoio-da-arenales\/#primaryimage"},"image":{"@id":"https:\/\/www.arenales.com.br\/blog\/2o-encontro-internacional-de-ciencias-agrarias-e-tecnologicas-tera-apoio-da-arenales\/#primaryimage"},"thumbnailUrl":"https:\/\/www.arenales.com.br\/blog\/wp-content\/uploads\/2020\/11\/capa_arenales.png","datePublished":"2018-08-27T20:46:45+00:00","author":{"@id":"https:\/\/www.arenales.com.br\/blog\/#\/schema\/person\/4b16e8118397dad78148183d61788f70"},"description":"Leia sobre 2\u00ba Encontro Internacional de Ci\u00eancias Agr\u00e1rias e Tecnol\u00f3gicas ter\u00e1 apoio da Arenales, aqui na Arenales | Blog - Not\u00edcias sobre Homeopatia Animal","breadcrumb":{"@id":"https:\/\/www.arenales.com.br\/blog\/2o-encontro-internacional-de-ciencias-agrarias-e-tecnologicas-tera-apoio-da-arenales\/#breadcrumb"},"inLanguage":"pt-BR","potentialAction":[{"@type":"ReadAction","target":["https:\/\/www.arenales.com.br\/blog\/2o-encontro-internacional-de-ciencias-agrarias-e-tecnologicas-tera-apoio-da-arenales\/"]}]},{"@type":"ImageObject","inLanguage":"pt-BR","@id":"https:\/\/www.arenales.com.br\/blog\/2o-encontro-internacional-de-ciencias-agrarias-e-tecnologicas-tera-apoio-da-arenales\/#primaryimage","url":"https:\/\/www.arenales.com.br\/blog\/wp-content\/uploads\/2020\/11\/capa_arenales.png","contentUrl":"https:\/\/www.arenales.com.br\/blog\/wp-content\/uploads\/2020\/11\/capa_arenales.png","width":1200,"height":628},{"@type":"BreadcrumbList","@id":"https:\/\/www.arenales.com.br\/blog\/2o-encontro-internacional-de-ciencias-agrarias-e-tecnologicas-tera-apoio-da-arenales\/#breadcrumb","itemListElement":[{"@type":"ListItem","position":1,"name":"In\u00edcio","item":"https:\/\/www.arenales.com.br\/blog\/"},{"@type":"ListItem","position":2,"name":"2\u00ba Encontro Internacional de Ci\u00eancias Agr\u00e1rias e Tecnol\u00f3gicas ter\u00e1 apoio da Arenales"}]},{"@type":"WebSite","@id":"https:\/\/www.arenales.com.br\/blog\/#website","url":"https:\/\/www.arenales.com.br\/blog\/","name":"Arenales | Blog","description":"Not\u00edcias sobre Homeopatia Animal","potentialAction":[{"@type":"SearchAction","target":{"@type":"EntryPoint","urlTemplate":"https:\/\/www.arenales.com.br\/blog\/?s={search_term_string}"},"query-input":{"@type":"PropertyValueSpecification","valueRequired":true,"valueName":"search_term_string"}}],"inLanguage":"pt-BR"},{"@type":"Person","@id":"https:\/\/www.arenales.com.br\/blog\/#\/schema\/person\/4b16e8118397dad78148183d61788f70","name":"Redator Oxigenweb","image":{"@type":"ImageObject","inLanguage":"pt-BR","@id":"https:\/\/www.arenales.com.br\/blog\/#\/schema\/person\/image\/","url":"https:\/\/secure.gravatar.com\/avatar\/ff2ae70070243f5b9bcec4c798c21fce81251988fc5ea61e314458603dcb0508?s=96&d=mm&r=g","contentUrl":"https:\/\/secure.gravatar.com\/avatar\/ff2ae70070243f5b9bcec4c798c21fce81251988fc5ea61e314458603dcb0508?s=96&d=mm&r=g","caption":"Redator Oxigenweb"},"url":"https:\/\/www.arenales.com.br\/blog\/author\/redatoro2\/"}]}},"_links":{"self":[{"href":"https:\/\/www.arenales.com.br\/blog\/wp-json\/wp\/v2\/posts\/1046","targetHints":{"allow":["GET"]}}],"collection":[{"href":"https:\/\/www.arenales.com.br\/blog\/wp-json\/wp\/v2\/posts"}],"about":[{"href":"https:\/\/www.arenales.com.br\/blog\/wp-json\/wp\/v2\/types\/post"}],"author":[{"embeddable":true,"href":"https:\/\/www.arenales.com.br\/blog\/wp-json\/wp\/v2\/users\/5"}],"replies":[{"embeddable":true,"href":"https:\/\/www.arenales.com.br\/blog\/wp-json\/wp\/v2\/comments?post=1046"}],"version-history":[{"count":0,"href":"https:\/\/www.arenales.com.br\/blog\/wp-json\/wp\/v2\/posts\/1046\/revisions"}],"wp:featuredmedia":[{"embeddable":true,"href":"https:\/\/www.arenales.com.br\/blog\/wp-json\/wp\/v2\/media\/1193"}],"wp:attachment":[{"href":"https:\/\/www.arenales.com.br\/blog\/wp-json\/wp\/v2\/media?parent=1046"}],"wp:term":[{"taxonomy":"category","embeddable":true,"href":"https:\/\/www.arenales.com.br\/blog\/wp-json\/wp\/v2\/categories?post=1046"},{"taxonomy":"post_tag","embeddable":true,"href":"https:\/\/www.arenales.com.br\/blog\/wp-json\/wp\/v2\/tags?post=1046"}],"curies":[{"name":"wp","href":"https:\/\/api.w.org\/{rel}","templated":true}]}}