{"id":1029,"date":"2018-06-29T16:25:36","date_gmt":"2018-06-29T19:25:36","guid":{"rendered":"https:\/\/arenales.com.br\/?p=6389"},"modified":"2018-06-29T16:28:53","modified_gmt":"2018-06-29T19:28:53","slug":"nestle-prepara-oferta-de-leite-organico-ao-mercado-em-2019","status":"publish","type":"post","link":"https:\/\/www.arenales.com.br\/blog\/nestle-prepara-oferta-de-leite-organico-ao-mercado-em-2019\/","title":{"rendered":"Nestl\u00e9 prepara oferta de leite org\u00e2nico ao mercado em 2019"},"content":{"rendered":"<p><!--:pt--><a href=\"https:\/\/www.arenales.com.br\/blog\/wp-content\/uploads\/2018\/06\/vacas-no-pasto-mundo-do-leite.jpg\"><img loading=\"lazy\" decoding=\"async\" src=\"https:\/\/www.arenales.com.br\/blog\/wp-content\/uploads\/2018\/06\/vacas-no-pasto-mundo-do-leite-300x153.jpg\" alt=\"vacas-no-pasto-mundo-do-leite\" width=\"300\" height=\"153\" class=\"alignleft size-medium wp-image-6390\" \/><\/a>A gigante Nestl\u00e9 prepara-se para lan\u00e7ar sua primeira linha de leites org\u00e2nicos produzidos no Brasil at\u00e9 junho de 2019. A inova\u00e7\u00e3o \u00e9 resultado de projeto piloto in\u00e9dito iniciado pelo Brasil com 35 produtores na regi\u00e3o de Araraquara, interior de S\u00e3o Paulo. A a\u00e7\u00e3o foi detalhada pelo especialista de regi\u00e3o leiteira da Nestl\u00e9 Brasil, Agaciel Fiorentin, na oficina Produ\u00e7\u00e3o Org\u00e2nica de Leite e Latic\u00ednios, realizada na tarde desta ter\u00e7a-feira (26\/6), durante o 6\u00ba F\u00f3rum Itinerante do Leite, em Santa Rosa. Os tambos selecionados para o projeto operam, juntos, com 30 mil litros de leite\/dia e recebem de 70% a 80% a mais pelo litro em rela\u00e7\u00e3o ao produto convencional. O pagamento diferenciado \u00e9 regido por contrato de 24 meses e ocorre desde o momento em que o produtor ingressa no programa de migra\u00e7\u00e3o. A atual legisla\u00e7\u00e3o prev\u00ea que o processo de convers\u00e3o do solo da propriedade e do rebanho leve 18 meses, mas j\u00e1 h\u00e1 previs\u00e3o de reduzir esse prazo para 12 meses.<\/p>\n<p>Segundo Fiorentin, o leite org\u00e2nico foi um desafio lan\u00e7ado pela Nestl\u00e9 a suas subsidi\u00e1rias de forma a atender \u00e0 crescente demanda por alimentos mais saud\u00e1veis e sustent\u00e1veis. H\u00e1 pouco mais de um ano, o Brasil aceitou a provoca\u00e7\u00e3o e vem desenvolvendo o projeto, que atende \u00e0 rigorosa legisla\u00e7\u00e3o que rege os produtos org\u00e2nicos no Brasil. Para ser considerado org\u00e2nico, o leite deve vir de animais alimentados com pastagens sem o uso de adubos qu\u00edmicos ou agrot\u00f3xicos. \u00c9 permitida alimenta\u00e7\u00e3o no cocho desde que seja composta por insumos org\u00e2nicos, com toler\u00e2ncia de at\u00e9 15% de gr\u00e3os convencionais desde que n\u00e3o transg\u00eanicos. Os animais devem ser tratados basicamente com homeopatia e produtos fitoter\u00e1picos, e n\u00e3o \u00e9 permitida a cria\u00e7\u00e3o em confinamento. \u201cN\u00e3o \u00e9 f\u00e1cil fazer org\u00e2nico. \u00c9 claro que, com o apoio da ind\u00fastria e da \u00e1rea t\u00e9cnica, vai ficando mais f\u00e1cil\u201d, disse. Segundo Fiorentin, um dos limitadores da expans\u00e3o da produ\u00e7\u00e3o org\u00e2nica de leite \u00e9 a oferta de milho e farelo de soja org\u00e2nicos. Mediante o avan\u00e7o do projeto, a empresa deve estudar sua amplia\u00e7\u00e3o a outras \u00e1reas onde atua no pa\u00eds.<\/p>\n<p>Como n\u00e3o existe teste capaz de indicar se o leite \u00e9 ou n\u00e3o org\u00e2nico, o importante \u00e9 escolher bem os produtores que se integrar\u00e3o ao sistema e ser\u00e3o auditados. \u201cQuem s\u00f3 pensa em ganhar mais com o leite org\u00e2nico n\u00e3o se enquadra no perfil porque entendemos que esse criador vai desistir na primeira dificuldade. A escolha dos produtores \u00e9 feita com base em seus projetos e consci\u00eancia ambiental\u201d, afirmou Fiorentin.<\/p>\n<p>Atualmente, a Nestl\u00e9 opera com produtos org\u00e2nicos no exterior. At\u00e9 o lan\u00e7amento em 2019, a produ\u00e7\u00e3o do projeto paulista segue sendo adicionada \u00e0s linhas convencionais de Molico e Ninho. \u201cQue por meio desse projeto a gente possa desenvolver mais a cadeia l\u00e1ctea. O pa\u00eds e os consumidores s\u00f3 t\u00eam a ganhar, com produtos cada vez mais sustent\u00e1veis\u201d, destacou Fiorentin.<\/p>\n<p>Durante a oficina em Santa Rosa, tamb\u00e9m foi apresentado o case do produtor Eliseu Pelenz, que vem migrando sua produ\u00e7\u00e3o para o sistema org\u00e2nico em Santo Cristo (RS). Na propriedade de 24 hectares, dez destinados ao tambo, ele tem 15 vacas que rendem 7 mil litros por m\u00eas. O conceito \u00e9 o de cultivar o solo com responsabilidade, em vez de explor\u00e1-lo. \u201cN\u00e3o uso veneno h\u00e1 mais de 15 anos\u201d, frisou o produtor, que entrega seu leite para o latic\u00ednio Doceoli. Para caminhar em dire\u00e7\u00e3o ao tambo org\u00e2nico, Pelenz usa homeopatia para tratar alguns males do rebanho e at\u00e9 para afastar o carrapato, um trabalho que \u00e9 acompanhado de perto pelo t\u00e9cnico Ademir Amaral. O criador s\u00f3 n\u00e3o atingiu a migra\u00e7\u00e3o completa porque ainda utiliza alguns adubos qu\u00edmicos para fortalecer as pastagens, o que, segundo ele, pode ser facilmente substitu\u00eddo por adubo org\u00e2nico, mas ainda \u00e9 caro.<\/p>\n<p><strong>OFICINAS \u2013 <\/strong>A programa\u00e7\u00e3o da tarde do 6\u00ba F\u00f3rum Itinerante do Leite incluiu outros tr\u00eas grupos de debates setorizados. Um dos mais concorridos foi \u201cA atividade leiteira sob o olhar das mulheres\u201d, no qual agricultoras apresentaram os dilemas de seu dia a dia. Outro debate que chamou aten\u00e7\u00e3o foi \u201cO clima e o bem-estar das vacas leiteiras\u201d. Por fim, a agenda ainda incluiu \u201cReuni\u00e3o T\u00e9cnica sobre Tuberculose e Brucelose\u201d, que alinhou procedimentos operacionais a serem realizados para o controle das enfermidades no rebanho bovino ga\u00facho.<\/p>\n<p><em>Fonte: Portal DBO <\/em><\/p>\n","protected":false},"excerpt":{"rendered":"<p>A gigante Nestl\u00e9 prepara-se para lan\u00e7ar sua primeira linha de leites org\u00e2nicos produzidos no Brasil at\u00e9 junho de 2019. A inova\u00e7\u00e3o \u00e9 resultado de projeto piloto in\u00e9dito iniciado pelo Brasil com 35 produtores na regi\u00e3o de Araraquara, interior de S\u00e3o Paulo. A a\u00e7\u00e3o foi detalhada pelo especialista de regi\u00e3o leiteira da Nestl\u00e9 Brasil, Agaciel Fiorentin,&#8230;<\/p>\n","protected":false},"author":5,"featured_media":1193,"comment_status":"open","ping_status":"open","sticky":false,"template":"","format":"standard","meta":{"footnotes":""},"categories":[1],"tags":[],"class_list":["post-1029","post","type-post","status-publish","format-standard","has-post-thumbnail","hentry","category-noticias"],"yoast_head":"<!-- This site is optimized with the Yoast SEO plugin v27.0 - https:\/\/yoast.com\/product\/yoast-seo-wordpress\/ -->\n<title>Nestl\u00e9 prepara oferta de leite org\u00e2nico ao mercado em 2019 - Arenales | Blog<\/title>\n<meta name=\"description\" content=\"Leia sobre Nestl\u00e9 prepara oferta de leite org\u00e2nico ao mercado em 2019, aqui na Arenales | Blog - Not\u00edcias sobre Homeopatia Animal\" \/>\n<meta name=\"robots\" content=\"index, follow, max-snippet:-1, max-image-preview:large, max-video-preview:-1\" \/>\n<link rel=\"canonical\" href=\"https:\/\/www.arenales.com.br\/blog\/nestle-prepara-oferta-de-leite-organico-ao-mercado-em-2019\/\" \/>\n<meta property=\"og:locale\" content=\"pt_BR\" \/>\n<meta property=\"og:type\" content=\"article\" \/>\n<meta property=\"og:title\" content=\"Nestl\u00e9 prepara oferta de leite org\u00e2nico ao mercado em 2019 - Arenales | Blog\" \/>\n<meta property=\"og:description\" content=\"Leia sobre Nestl\u00e9 prepara oferta de leite org\u00e2nico ao mercado em 2019, aqui na Arenales | Blog - Not\u00edcias sobre Homeopatia Animal\" \/>\n<meta property=\"og:url\" content=\"https:\/\/www.arenales.com.br\/blog\/nestle-prepara-oferta-de-leite-organico-ao-mercado-em-2019\/\" \/>\n<meta property=\"og:site_name\" content=\"Arenales | Blog\" \/>\n<meta property=\"article:published_time\" content=\"2018-06-29T19:25:36+00:00\" \/>\n<meta property=\"article:modified_time\" content=\"2018-06-29T19:28:53+00:00\" \/>\n<meta property=\"og:image\" content=\"https:\/\/www.arenales.com.br\/blog\/wp-content\/uploads\/2020\/11\/capa_arenales.png\" \/>\n\t<meta property=\"og:image:width\" content=\"1200\" \/>\n\t<meta property=\"og:image:height\" content=\"628\" \/>\n\t<meta property=\"og:image:type\" content=\"image\/png\" \/>\n<meta name=\"author\" content=\"Redator Oxigenweb\" \/>\n<meta name=\"twitter:card\" content=\"summary_large_image\" \/>\n<meta name=\"twitter:label1\" content=\"Escrito por\" \/>\n\t<meta name=\"twitter:data1\" content=\"Redator Oxigenweb\" \/>\n\t<meta name=\"twitter:label2\" content=\"Est. tempo de leitura\" \/>\n\t<meta name=\"twitter:data2\" content=\"4 minutos\" \/>\n<script type=\"application\/ld+json\" class=\"yoast-schema-graph\">{\"@context\":\"https:\/\/schema.org\",\"@graph\":[{\"@type\":\"Article\",\"@id\":\"https:\/\/www.arenales.com.br\/blog\/nestle-prepara-oferta-de-leite-organico-ao-mercado-em-2019\/#article\",\"isPartOf\":{\"@id\":\"https:\/\/www.arenales.com.br\/blog\/nestle-prepara-oferta-de-leite-organico-ao-mercado-em-2019\/\"},\"author\":{\"name\":\"Redator Oxigenweb\",\"@id\":\"https:\/\/www.arenales.com.br\/blog\/#\/schema\/person\/4b16e8118397dad78148183d61788f70\"},\"headline\":\"Nestl\u00e9 prepara oferta de leite org\u00e2nico ao mercado em 2019\",\"datePublished\":\"2018-06-29T19:25:36+00:00\",\"dateModified\":\"2018-06-29T19:28:53+00:00\",\"mainEntityOfPage\":{\"@id\":\"https:\/\/www.arenales.com.br\/blog\/nestle-prepara-oferta-de-leite-organico-ao-mercado-em-2019\/\"},\"wordCount\":773,\"commentCount\":0,\"image\":{\"@id\":\"https:\/\/www.arenales.com.br\/blog\/nestle-prepara-oferta-de-leite-organico-ao-mercado-em-2019\/#primaryimage\"},\"thumbnailUrl\":\"https:\/\/www.arenales.com.br\/blog\/wp-content\/uploads\/2020\/11\/capa_arenales.png\",\"articleSection\":[\"Not\u00edcias\"],\"inLanguage\":\"pt-BR\",\"potentialAction\":[{\"@type\":\"CommentAction\",\"name\":\"Comment\",\"target\":[\"https:\/\/www.arenales.com.br\/blog\/nestle-prepara-oferta-de-leite-organico-ao-mercado-em-2019\/#respond\"]}]},{\"@type\":\"WebPage\",\"@id\":\"https:\/\/www.arenales.com.br\/blog\/nestle-prepara-oferta-de-leite-organico-ao-mercado-em-2019\/\",\"url\":\"https:\/\/www.arenales.com.br\/blog\/nestle-prepara-oferta-de-leite-organico-ao-mercado-em-2019\/\",\"name\":\"Nestl\u00e9 prepara oferta de leite org\u00e2nico ao mercado em 2019 - Arenales | Blog\",\"isPartOf\":{\"@id\":\"https:\/\/www.arenales.com.br\/blog\/#website\"},\"primaryImageOfPage\":{\"@id\":\"https:\/\/www.arenales.com.br\/blog\/nestle-prepara-oferta-de-leite-organico-ao-mercado-em-2019\/#primaryimage\"},\"image\":{\"@id\":\"https:\/\/www.arenales.com.br\/blog\/nestle-prepara-oferta-de-leite-organico-ao-mercado-em-2019\/#primaryimage\"},\"thumbnailUrl\":\"https:\/\/www.arenales.com.br\/blog\/wp-content\/uploads\/2020\/11\/capa_arenales.png\",\"datePublished\":\"2018-06-29T19:25:36+00:00\",\"dateModified\":\"2018-06-29T19:28:53+00:00\",\"author\":{\"@id\":\"https:\/\/www.arenales.com.br\/blog\/#\/schema\/person\/4b16e8118397dad78148183d61788f70\"},\"description\":\"Leia sobre Nestl\u00e9 prepara oferta de leite org\u00e2nico ao mercado em 2019, aqui na Arenales | Blog - Not\u00edcias sobre Homeopatia Animal\",\"breadcrumb\":{\"@id\":\"https:\/\/www.arenales.com.br\/blog\/nestle-prepara-oferta-de-leite-organico-ao-mercado-em-2019\/#breadcrumb\"},\"inLanguage\":\"pt-BR\",\"potentialAction\":[{\"@type\":\"ReadAction\",\"target\":[\"https:\/\/www.arenales.com.br\/blog\/nestle-prepara-oferta-de-leite-organico-ao-mercado-em-2019\/\"]}]},{\"@type\":\"ImageObject\",\"inLanguage\":\"pt-BR\",\"@id\":\"https:\/\/www.arenales.com.br\/blog\/nestle-prepara-oferta-de-leite-organico-ao-mercado-em-2019\/#primaryimage\",\"url\":\"https:\/\/www.arenales.com.br\/blog\/wp-content\/uploads\/2020\/11\/capa_arenales.png\",\"contentUrl\":\"https:\/\/www.arenales.com.br\/blog\/wp-content\/uploads\/2020\/11\/capa_arenales.png\",\"width\":1200,\"height\":628},{\"@type\":\"BreadcrumbList\",\"@id\":\"https:\/\/www.arenales.com.br\/blog\/nestle-prepara-oferta-de-leite-organico-ao-mercado-em-2019\/#breadcrumb\",\"itemListElement\":[{\"@type\":\"ListItem\",\"position\":1,\"name\":\"In\u00edcio\",\"item\":\"https:\/\/www.arenales.com.br\/blog\/\"},{\"@type\":\"ListItem\",\"position\":2,\"name\":\"Nestl\u00e9 prepara oferta de leite org\u00e2nico ao mercado em 2019\"}]},{\"@type\":\"WebSite\",\"@id\":\"https:\/\/www.arenales.com.br\/blog\/#website\",\"url\":\"https:\/\/www.arenales.com.br\/blog\/\",\"name\":\"Arenales | Blog\",\"description\":\"Not\u00edcias sobre Homeopatia Animal\",\"potentialAction\":[{\"@type\":\"SearchAction\",\"target\":{\"@type\":\"EntryPoint\",\"urlTemplate\":\"https:\/\/www.arenales.com.br\/blog\/?s={search_term_string}\"},\"query-input\":{\"@type\":\"PropertyValueSpecification\",\"valueRequired\":true,\"valueName\":\"search_term_string\"}}],\"inLanguage\":\"pt-BR\"},{\"@type\":\"Person\",\"@id\":\"https:\/\/www.arenales.com.br\/blog\/#\/schema\/person\/4b16e8118397dad78148183d61788f70\",\"name\":\"Redator Oxigenweb\",\"image\":{\"@type\":\"ImageObject\",\"inLanguage\":\"pt-BR\",\"@id\":\"https:\/\/www.arenales.com.br\/blog\/#\/schema\/person\/image\/\",\"url\":\"https:\/\/secure.gravatar.com\/avatar\/ff2ae70070243f5b9bcec4c798c21fce81251988fc5ea61e314458603dcb0508?s=96&d=mm&r=g\",\"contentUrl\":\"https:\/\/secure.gravatar.com\/avatar\/ff2ae70070243f5b9bcec4c798c21fce81251988fc5ea61e314458603dcb0508?s=96&d=mm&r=g\",\"caption\":\"Redator Oxigenweb\"},\"url\":\"https:\/\/www.arenales.com.br\/blog\/author\/redatoro2\/\"}]}<\/script>\n<!-- \/ Yoast SEO plugin. -->","yoast_head_json":{"title":"Nestl\u00e9 prepara oferta de leite org\u00e2nico ao mercado em 2019 - Arenales | Blog","description":"Leia sobre Nestl\u00e9 prepara oferta de leite org\u00e2nico ao mercado em 2019, aqui na Arenales | Blog - Not\u00edcias sobre Homeopatia Animal","robots":{"index":"index","follow":"follow","max-snippet":"max-snippet:-1","max-image-preview":"max-image-preview:large","max-video-preview":"max-video-preview:-1"},"canonical":"https:\/\/www.arenales.com.br\/blog\/nestle-prepara-oferta-de-leite-organico-ao-mercado-em-2019\/","og_locale":"pt_BR","og_type":"article","og_title":"Nestl\u00e9 prepara oferta de leite org\u00e2nico ao mercado em 2019 - Arenales | Blog","og_description":"Leia sobre Nestl\u00e9 prepara oferta de leite org\u00e2nico ao mercado em 2019, aqui na Arenales | Blog - Not\u00edcias sobre Homeopatia Animal","og_url":"https:\/\/www.arenales.com.br\/blog\/nestle-prepara-oferta-de-leite-organico-ao-mercado-em-2019\/","og_site_name":"Arenales | Blog","article_published_time":"2018-06-29T19:25:36+00:00","article_modified_time":"2018-06-29T19:28:53+00:00","og_image":[{"width":1200,"height":628,"url":"https:\/\/www.arenales.com.br\/blog\/wp-content\/uploads\/2020\/11\/capa_arenales.png","type":"image\/png"}],"author":"Redator Oxigenweb","twitter_card":"summary_large_image","twitter_misc":{"Escrito por":"Redator Oxigenweb","Est. tempo de leitura":"4 minutos"},"schema":{"@context":"https:\/\/schema.org","@graph":[{"@type":"Article","@id":"https:\/\/www.arenales.com.br\/blog\/nestle-prepara-oferta-de-leite-organico-ao-mercado-em-2019\/#article","isPartOf":{"@id":"https:\/\/www.arenales.com.br\/blog\/nestle-prepara-oferta-de-leite-organico-ao-mercado-em-2019\/"},"author":{"name":"Redator Oxigenweb","@id":"https:\/\/www.arenales.com.br\/blog\/#\/schema\/person\/4b16e8118397dad78148183d61788f70"},"headline":"Nestl\u00e9 prepara oferta de leite org\u00e2nico ao mercado em 2019","datePublished":"2018-06-29T19:25:36+00:00","dateModified":"2018-06-29T19:28:53+00:00","mainEntityOfPage":{"@id":"https:\/\/www.arenales.com.br\/blog\/nestle-prepara-oferta-de-leite-organico-ao-mercado-em-2019\/"},"wordCount":773,"commentCount":0,"image":{"@id":"https:\/\/www.arenales.com.br\/blog\/nestle-prepara-oferta-de-leite-organico-ao-mercado-em-2019\/#primaryimage"},"thumbnailUrl":"https:\/\/www.arenales.com.br\/blog\/wp-content\/uploads\/2020\/11\/capa_arenales.png","articleSection":["Not\u00edcias"],"inLanguage":"pt-BR","potentialAction":[{"@type":"CommentAction","name":"Comment","target":["https:\/\/www.arenales.com.br\/blog\/nestle-prepara-oferta-de-leite-organico-ao-mercado-em-2019\/#respond"]}]},{"@type":"WebPage","@id":"https:\/\/www.arenales.com.br\/blog\/nestle-prepara-oferta-de-leite-organico-ao-mercado-em-2019\/","url":"https:\/\/www.arenales.com.br\/blog\/nestle-prepara-oferta-de-leite-organico-ao-mercado-em-2019\/","name":"Nestl\u00e9 prepara oferta de leite org\u00e2nico ao mercado em 2019 - Arenales | Blog","isPartOf":{"@id":"https:\/\/www.arenales.com.br\/blog\/#website"},"primaryImageOfPage":{"@id":"https:\/\/www.arenales.com.br\/blog\/nestle-prepara-oferta-de-leite-organico-ao-mercado-em-2019\/#primaryimage"},"image":{"@id":"https:\/\/www.arenales.com.br\/blog\/nestle-prepara-oferta-de-leite-organico-ao-mercado-em-2019\/#primaryimage"},"thumbnailUrl":"https:\/\/www.arenales.com.br\/blog\/wp-content\/uploads\/2020\/11\/capa_arenales.png","datePublished":"2018-06-29T19:25:36+00:00","dateModified":"2018-06-29T19:28:53+00:00","author":{"@id":"https:\/\/www.arenales.com.br\/blog\/#\/schema\/person\/4b16e8118397dad78148183d61788f70"},"description":"Leia sobre Nestl\u00e9 prepara oferta de leite org\u00e2nico ao mercado em 2019, aqui na Arenales | Blog - Not\u00edcias sobre Homeopatia Animal","breadcrumb":{"@id":"https:\/\/www.arenales.com.br\/blog\/nestle-prepara-oferta-de-leite-organico-ao-mercado-em-2019\/#breadcrumb"},"inLanguage":"pt-BR","potentialAction":[{"@type":"ReadAction","target":["https:\/\/www.arenales.com.br\/blog\/nestle-prepara-oferta-de-leite-organico-ao-mercado-em-2019\/"]}]},{"@type":"ImageObject","inLanguage":"pt-BR","@id":"https:\/\/www.arenales.com.br\/blog\/nestle-prepara-oferta-de-leite-organico-ao-mercado-em-2019\/#primaryimage","url":"https:\/\/www.arenales.com.br\/blog\/wp-content\/uploads\/2020\/11\/capa_arenales.png","contentUrl":"https:\/\/www.arenales.com.br\/blog\/wp-content\/uploads\/2020\/11\/capa_arenales.png","width":1200,"height":628},{"@type":"BreadcrumbList","@id":"https:\/\/www.arenales.com.br\/blog\/nestle-prepara-oferta-de-leite-organico-ao-mercado-em-2019\/#breadcrumb","itemListElement":[{"@type":"ListItem","position":1,"name":"In\u00edcio","item":"https:\/\/www.arenales.com.br\/blog\/"},{"@type":"ListItem","position":2,"name":"Nestl\u00e9 prepara oferta de leite org\u00e2nico ao mercado em 2019"}]},{"@type":"WebSite","@id":"https:\/\/www.arenales.com.br\/blog\/#website","url":"https:\/\/www.arenales.com.br\/blog\/","name":"Arenales | Blog","description":"Not\u00edcias sobre Homeopatia Animal","potentialAction":[{"@type":"SearchAction","target":{"@type":"EntryPoint","urlTemplate":"https:\/\/www.arenales.com.br\/blog\/?s={search_term_string}"},"query-input":{"@type":"PropertyValueSpecification","valueRequired":true,"valueName":"search_term_string"}}],"inLanguage":"pt-BR"},{"@type":"Person","@id":"https:\/\/www.arenales.com.br\/blog\/#\/schema\/person\/4b16e8118397dad78148183d61788f70","name":"Redator Oxigenweb","image":{"@type":"ImageObject","inLanguage":"pt-BR","@id":"https:\/\/www.arenales.com.br\/blog\/#\/schema\/person\/image\/","url":"https:\/\/secure.gravatar.com\/avatar\/ff2ae70070243f5b9bcec4c798c21fce81251988fc5ea61e314458603dcb0508?s=96&d=mm&r=g","contentUrl":"https:\/\/secure.gravatar.com\/avatar\/ff2ae70070243f5b9bcec4c798c21fce81251988fc5ea61e314458603dcb0508?s=96&d=mm&r=g","caption":"Redator Oxigenweb"},"url":"https:\/\/www.arenales.com.br\/blog\/author\/redatoro2\/"}]}},"_links":{"self":[{"href":"https:\/\/www.arenales.com.br\/blog\/wp-json\/wp\/v2\/posts\/1029","targetHints":{"allow":["GET"]}}],"collection":[{"href":"https:\/\/www.arenales.com.br\/blog\/wp-json\/wp\/v2\/posts"}],"about":[{"href":"https:\/\/www.arenales.com.br\/blog\/wp-json\/wp\/v2\/types\/post"}],"author":[{"embeddable":true,"href":"https:\/\/www.arenales.com.br\/blog\/wp-json\/wp\/v2\/users\/5"}],"replies":[{"embeddable":true,"href":"https:\/\/www.arenales.com.br\/blog\/wp-json\/wp\/v2\/comments?post=1029"}],"version-history":[{"count":0,"href":"https:\/\/www.arenales.com.br\/blog\/wp-json\/wp\/v2\/posts\/1029\/revisions"}],"wp:featuredmedia":[{"embeddable":true,"href":"https:\/\/www.arenales.com.br\/blog\/wp-json\/wp\/v2\/media\/1193"}],"wp:attachment":[{"href":"https:\/\/www.arenales.com.br\/blog\/wp-json\/wp\/v2\/media?parent=1029"}],"wp:term":[{"taxonomy":"category","embeddable":true,"href":"https:\/\/www.arenales.com.br\/blog\/wp-json\/wp\/v2\/categories?post=1029"},{"taxonomy":"post_tag","embeddable":true,"href":"https:\/\/www.arenales.com.br\/blog\/wp-json\/wp\/v2\/tags?post=1029"}],"curies":[{"name":"wp","href":"https:\/\/api.w.org\/{rel}","templated":true}]}}