{"id":1025,"date":"2018-06-15T18:16:24","date_gmt":"2018-06-15T21:16:24","guid":{"rendered":"https:\/\/arenales.com.br\/?p=6371"},"modified":"2018-06-15T18:16:24","modified_gmt":"2018-06-15T21:16:24","slug":"arenales-recebe-certificacao-em-premio-de-merito-ambiental-2","status":"publish","type":"post","link":"https:\/\/www.arenales.com.br\/blog\/arenales-recebe-certificacao-em-premio-de-merito-ambiental-2\/","title":{"rendered":"Arenales recebe certifica\u00e7\u00e3o em Pr\u00eamio de M\u00e9rito Ambiental"},"content":{"rendered":"<p><!--:pt--><a href=\"https:\/\/www.arenales.com.br\/blog\/wp-content\/uploads\/2018\/06\/M\u00e9rito-Ambiental.jpg\"><img loading=\"lazy\" decoding=\"async\" src=\"https:\/\/www.arenales.com.br\/blog\/wp-content\/uploads\/2018\/06\/M\u00e9rito-Ambiental-300x259.jpg\" alt=\"M\u00e9rito Ambiental\" width=\"300\" height=\"259\" class=\"alignright size-medium wp-image-6343\" \/><\/a>A Arenales Homeopatianimal recebeu a certifica\u00e7\u00e3o no 24\u00b0 Pr\u00eamio Fiesp de M\u00e9rito Ambiental durante a cerim\u00f4nia realizada ontem (05), na sede da Fiesp na avenida Paulista em S\u00e3o Paulo, capital. A empresa apresentou o &#8220;Projeto Reciclar \u00e9 o Futuro&#8221; desenvolvido em parceria com o Cooperativa de Catadores de Materiais Recicl\u00e1veis de Presidente Prudente (SP), a Cooperlix.  <\/p>\n<p>O Pr\u00eamio Fiesp de M\u00e9rito Ambiental reconheceu e homenageou as empresas industriais, extrativas, manufatureiras ou agroindustriais que se destacaram e trouxeram resultados significativos na implementa\u00e7\u00e3o de projetos ambientais no estado de S\u00e3o Paulo. <\/p>\n<p><strong>Sobre o Projeto: <\/strong>Cerca de 20 toneladas ao longo do ano passado, esta foi a quantidade de materiais reciclados arrecadados no Eco Ponto do anexo da sede matriz da Arenales Homeopatianimal, em Presidente Prudente (SP). A empresa destina os componentes \u00e0 Cooperativa de reciclagem da cidade, que depende de parcerias para promover a coleta seletiva no maior munic\u00edpio do Oeste Paulista. <\/p>\n<p>A diretora geral e fundadora da empresa, Maria do Carmo Arenales, conta que no anexo da empresa, s\u00e3o recebidos os materiais recicl\u00e1veis dos colaboradores da Arenales, e tamb\u00e9m da popula\u00e7\u00e3o que mora nos bairros adjacentes da sede matriz. \u201cAl\u00e9m disso sempre promovemos campanhas de incentivo \u00e0 destina\u00e7\u00e3o correta de materiais. Realizamos capacita\u00e7\u00f5es em escolas e outras institui\u00e7\u00f5es. Desta forma sempre conseguimos um bom resultado, porque normalmente as crian\u00e7as e jovens participam de gincanas que promovemos para conseguir aumentar o volume de materiais arrecadados\u201d, conta Maria do Carmo.<\/p>\n<p>A empresa enfatiza nas escolas parceiras, a maior delas \u00e9 o Sesi da Vila Real, (onde foi a \u00faltima a\u00e7\u00e3o), a import\u00e2ncia de se reciclar n\u00e3o s\u00f3 pelo aspecto de contribuir com o meio ambiente, mas tamb\u00e9m pelo lado social, de estar ajudando os cooperados. &#8220;Promovemos uma integra\u00e7\u00e3o, empresa, escola, e cooperados por meio de um caf\u00e9 da manh\u00e3 para que todos se conhe\u00e7am e falem sobre o tema. Nestes encontros os alunos se sensibilizam com o que gera mais arrecada\u00e7\u00e3o&#8221;. Ao final da gincana, a Arenales em parceria com a Secretaria de Meio Ambiente Municipal fornece uma premia\u00e7\u00e3o a turma que mais arrecadou. A ultima, foi um passeio da turma toda para o parque aqu\u00e1tico com a presen\u00e7a de mais de 30 alunos. <\/p>\n<p>De acordo com a presidente da Cooperlix, Maria Aparecida Assis Silva, essas ajudas s\u00e3o extremamente importantes para que eles possam coletar mais materiais e aumentar a reciclagem na cidade, al\u00e9m de mais ganhos a todos os cooperados. \u201cO detalhe que mais nos deixa feliz, \u00e9 que os materiais enviados do Eco Ponto da Arenales s\u00e3o limpos, o que agrega mais valor aquilo que \u00e9 reciclado\u201d, afirma. Materiais arrecadados: Alum\u00ednio, papel\u00e3o, pl\u00e1stico, e at\u00e9 mesmo lixo eletr\u00f4nico como televisores antigos, computadores e etc.<\/p>\n<p>Reciclagem das Embalagens: A legisla\u00e7\u00e3o brasileira exige que as embalagens de produtos veterin\u00e1rios tenham um destino de acordo com o grau de toxicidade do produto que contenha. Se contiver, por exemplo, carrapaticidas ou antibi\u00f3ticos exige-se muita severidade no processo de reciclagem para n\u00e3o contaminar o ambiente. Os Fatores Arenales, que s\u00e3o livres de res\u00edduos, j\u00e1 possuem o Selo Verde da Cooperlix e s\u00e3o reciclados sem necessidade de tratamentos especiais.<\/p>\n","protected":false},"excerpt":{"rendered":"<p>A Arenales Homeopatianimal recebeu a certifica\u00e7\u00e3o no 24\u00b0 Pr\u00eamio Fiesp de M\u00e9rito Ambiental durante a cerim\u00f4nia realizada ontem (05), na sede da Fiesp na avenida Paulista em S\u00e3o Paulo, capital. A empresa apresentou o &#8220;Projeto Reciclar \u00e9 o Futuro&#8221; desenvolvido em parceria com o Cooperativa de Catadores de Materiais Recicl\u00e1veis de Presidente Prudente (SP), a&#8230;<\/p>\n","protected":false},"author":5,"featured_media":1193,"comment_status":"open","ping_status":"open","sticky":false,"template":"","format":"standard","meta":{"footnotes":""},"categories":[1],"tags":[],"class_list":["post-1025","post","type-post","status-publish","format-standard","has-post-thumbnail","hentry","category-noticias"],"yoast_head":"<!-- This site is optimized with the Yoast SEO plugin v27.0 - https:\/\/yoast.com\/product\/yoast-seo-wordpress\/ -->\n<title>Arenales recebe certifica\u00e7\u00e3o em Pr\u00eamio de M\u00e9rito Ambiental - Arenales | Blog<\/title>\n<meta name=\"description\" content=\"Leia sobre Arenales recebe certifica\u00e7\u00e3o em Pr\u00eamio de M\u00e9rito Ambiental, aqui na Arenales | Blog - Not\u00edcias sobre Homeopatia Animal\" \/>\n<meta name=\"robots\" content=\"index, follow, max-snippet:-1, max-image-preview:large, max-video-preview:-1\" \/>\n<link rel=\"canonical\" href=\"https:\/\/www.arenales.com.br\/blog\/arenales-recebe-certificacao-em-premio-de-merito-ambiental-2\/\" \/>\n<meta property=\"og:locale\" content=\"pt_BR\" \/>\n<meta property=\"og:type\" content=\"article\" \/>\n<meta property=\"og:title\" content=\"Arenales recebe certifica\u00e7\u00e3o em Pr\u00eamio de M\u00e9rito Ambiental - Arenales | Blog\" \/>\n<meta property=\"og:description\" content=\"Leia sobre Arenales recebe certifica\u00e7\u00e3o em Pr\u00eamio de M\u00e9rito Ambiental, aqui na Arenales | Blog - Not\u00edcias sobre Homeopatia Animal\" \/>\n<meta property=\"og:url\" content=\"https:\/\/www.arenales.com.br\/blog\/arenales-recebe-certificacao-em-premio-de-merito-ambiental-2\/\" \/>\n<meta property=\"og:site_name\" content=\"Arenales | Blog\" \/>\n<meta property=\"article:published_time\" content=\"2018-06-15T21:16:24+00:00\" \/>\n<meta property=\"og:image\" content=\"https:\/\/www.arenales.com.br\/blog\/wp-content\/uploads\/2020\/11\/capa_arenales.png\" \/>\n\t<meta property=\"og:image:width\" content=\"1200\" \/>\n\t<meta property=\"og:image:height\" content=\"628\" \/>\n\t<meta property=\"og:image:type\" content=\"image\/png\" \/>\n<meta name=\"author\" content=\"Redator Oxigenweb\" \/>\n<meta name=\"twitter:card\" content=\"summary_large_image\" \/>\n<meta name=\"twitter:label1\" content=\"Escrito por\" \/>\n\t<meta name=\"twitter:data1\" content=\"Redator Oxigenweb\" \/>\n\t<meta name=\"twitter:label2\" content=\"Est. tempo de leitura\" \/>\n\t<meta name=\"twitter:data2\" content=\"3 minutos\" \/>\n<script type=\"application\/ld+json\" class=\"yoast-schema-graph\">{\"@context\":\"https:\/\/schema.org\",\"@graph\":[{\"@type\":\"Article\",\"@id\":\"https:\/\/www.arenales.com.br\/blog\/arenales-recebe-certificacao-em-premio-de-merito-ambiental-2\/#article\",\"isPartOf\":{\"@id\":\"https:\/\/www.arenales.com.br\/blog\/arenales-recebe-certificacao-em-premio-de-merito-ambiental-2\/\"},\"author\":{\"name\":\"Redator Oxigenweb\",\"@id\":\"https:\/\/www.arenales.com.br\/blog\/#\/schema\/person\/4b16e8118397dad78148183d61788f70\"},\"headline\":\"Arenales recebe certifica\u00e7\u00e3o em Pr\u00eamio de M\u00e9rito Ambiental\",\"datePublished\":\"2018-06-15T21:16:24+00:00\",\"mainEntityOfPage\":{\"@id\":\"https:\/\/www.arenales.com.br\/blog\/arenales-recebe-certificacao-em-premio-de-merito-ambiental-2\/\"},\"wordCount\":557,\"commentCount\":0,\"image\":{\"@id\":\"https:\/\/www.arenales.com.br\/blog\/arenales-recebe-certificacao-em-premio-de-merito-ambiental-2\/#primaryimage\"},\"thumbnailUrl\":\"https:\/\/www.arenales.com.br\/blog\/wp-content\/uploads\/2020\/11\/capa_arenales.png\",\"articleSection\":[\"Not\u00edcias\"],\"inLanguage\":\"pt-BR\",\"potentialAction\":[{\"@type\":\"CommentAction\",\"name\":\"Comment\",\"target\":[\"https:\/\/www.arenales.com.br\/blog\/arenales-recebe-certificacao-em-premio-de-merito-ambiental-2\/#respond\"]}]},{\"@type\":\"WebPage\",\"@id\":\"https:\/\/www.arenales.com.br\/blog\/arenales-recebe-certificacao-em-premio-de-merito-ambiental-2\/\",\"url\":\"https:\/\/www.arenales.com.br\/blog\/arenales-recebe-certificacao-em-premio-de-merito-ambiental-2\/\",\"name\":\"Arenales recebe certifica\u00e7\u00e3o em Pr\u00eamio de M\u00e9rito Ambiental - Arenales | Blog\",\"isPartOf\":{\"@id\":\"https:\/\/www.arenales.com.br\/blog\/#website\"},\"primaryImageOfPage\":{\"@id\":\"https:\/\/www.arenales.com.br\/blog\/arenales-recebe-certificacao-em-premio-de-merito-ambiental-2\/#primaryimage\"},\"image\":{\"@id\":\"https:\/\/www.arenales.com.br\/blog\/arenales-recebe-certificacao-em-premio-de-merito-ambiental-2\/#primaryimage\"},\"thumbnailUrl\":\"https:\/\/www.arenales.com.br\/blog\/wp-content\/uploads\/2020\/11\/capa_arenales.png\",\"datePublished\":\"2018-06-15T21:16:24+00:00\",\"author\":{\"@id\":\"https:\/\/www.arenales.com.br\/blog\/#\/schema\/person\/4b16e8118397dad78148183d61788f70\"},\"description\":\"Leia sobre Arenales recebe certifica\u00e7\u00e3o em Pr\u00eamio de M\u00e9rito Ambiental, aqui na Arenales | Blog - Not\u00edcias sobre Homeopatia Animal\",\"breadcrumb\":{\"@id\":\"https:\/\/www.arenales.com.br\/blog\/arenales-recebe-certificacao-em-premio-de-merito-ambiental-2\/#breadcrumb\"},\"inLanguage\":\"pt-BR\",\"potentialAction\":[{\"@type\":\"ReadAction\",\"target\":[\"https:\/\/www.arenales.com.br\/blog\/arenales-recebe-certificacao-em-premio-de-merito-ambiental-2\/\"]}]},{\"@type\":\"ImageObject\",\"inLanguage\":\"pt-BR\",\"@id\":\"https:\/\/www.arenales.com.br\/blog\/arenales-recebe-certificacao-em-premio-de-merito-ambiental-2\/#primaryimage\",\"url\":\"https:\/\/www.arenales.com.br\/blog\/wp-content\/uploads\/2020\/11\/capa_arenales.png\",\"contentUrl\":\"https:\/\/www.arenales.com.br\/blog\/wp-content\/uploads\/2020\/11\/capa_arenales.png\",\"width\":1200,\"height\":628},{\"@type\":\"BreadcrumbList\",\"@id\":\"https:\/\/www.arenales.com.br\/blog\/arenales-recebe-certificacao-em-premio-de-merito-ambiental-2\/#breadcrumb\",\"itemListElement\":[{\"@type\":\"ListItem\",\"position\":1,\"name\":\"In\u00edcio\",\"item\":\"https:\/\/www.arenales.com.br\/blog\/\"},{\"@type\":\"ListItem\",\"position\":2,\"name\":\"Arenales recebe certifica\u00e7\u00e3o em Pr\u00eamio de M\u00e9rito Ambiental\"}]},{\"@type\":\"WebSite\",\"@id\":\"https:\/\/www.arenales.com.br\/blog\/#website\",\"url\":\"https:\/\/www.arenales.com.br\/blog\/\",\"name\":\"Arenales | Blog\",\"description\":\"Not\u00edcias sobre Homeopatia Animal\",\"potentialAction\":[{\"@type\":\"SearchAction\",\"target\":{\"@type\":\"EntryPoint\",\"urlTemplate\":\"https:\/\/www.arenales.com.br\/blog\/?s={search_term_string}\"},\"query-input\":{\"@type\":\"PropertyValueSpecification\",\"valueRequired\":true,\"valueName\":\"search_term_string\"}}],\"inLanguage\":\"pt-BR\"},{\"@type\":\"Person\",\"@id\":\"https:\/\/www.arenales.com.br\/blog\/#\/schema\/person\/4b16e8118397dad78148183d61788f70\",\"name\":\"Redator Oxigenweb\",\"image\":{\"@type\":\"ImageObject\",\"inLanguage\":\"pt-BR\",\"@id\":\"https:\/\/www.arenales.com.br\/blog\/#\/schema\/person\/image\/\",\"url\":\"https:\/\/secure.gravatar.com\/avatar\/ff2ae70070243f5b9bcec4c798c21fce81251988fc5ea61e314458603dcb0508?s=96&d=mm&r=g\",\"contentUrl\":\"https:\/\/secure.gravatar.com\/avatar\/ff2ae70070243f5b9bcec4c798c21fce81251988fc5ea61e314458603dcb0508?s=96&d=mm&r=g\",\"caption\":\"Redator Oxigenweb\"},\"url\":\"https:\/\/www.arenales.com.br\/blog\/author\/redatoro2\/\"}]}<\/script>\n<!-- \/ Yoast SEO plugin. -->","yoast_head_json":{"title":"Arenales recebe certifica\u00e7\u00e3o em Pr\u00eamio de M\u00e9rito Ambiental - Arenales | Blog","description":"Leia sobre Arenales recebe certifica\u00e7\u00e3o em Pr\u00eamio de M\u00e9rito Ambiental, aqui na Arenales | Blog - Not\u00edcias sobre Homeopatia Animal","robots":{"index":"index","follow":"follow","max-snippet":"max-snippet:-1","max-image-preview":"max-image-preview:large","max-video-preview":"max-video-preview:-1"},"canonical":"https:\/\/www.arenales.com.br\/blog\/arenales-recebe-certificacao-em-premio-de-merito-ambiental-2\/","og_locale":"pt_BR","og_type":"article","og_title":"Arenales recebe certifica\u00e7\u00e3o em Pr\u00eamio de M\u00e9rito Ambiental - Arenales | Blog","og_description":"Leia sobre Arenales recebe certifica\u00e7\u00e3o em Pr\u00eamio de M\u00e9rito Ambiental, aqui na Arenales | Blog - Not\u00edcias sobre Homeopatia Animal","og_url":"https:\/\/www.arenales.com.br\/blog\/arenales-recebe-certificacao-em-premio-de-merito-ambiental-2\/","og_site_name":"Arenales | Blog","article_published_time":"2018-06-15T21:16:24+00:00","og_image":[{"width":1200,"height":628,"url":"https:\/\/www.arenales.com.br\/blog\/wp-content\/uploads\/2020\/11\/capa_arenales.png","type":"image\/png"}],"author":"Redator Oxigenweb","twitter_card":"summary_large_image","twitter_misc":{"Escrito por":"Redator Oxigenweb","Est. tempo de leitura":"3 minutos"},"schema":{"@context":"https:\/\/schema.org","@graph":[{"@type":"Article","@id":"https:\/\/www.arenales.com.br\/blog\/arenales-recebe-certificacao-em-premio-de-merito-ambiental-2\/#article","isPartOf":{"@id":"https:\/\/www.arenales.com.br\/blog\/arenales-recebe-certificacao-em-premio-de-merito-ambiental-2\/"},"author":{"name":"Redator Oxigenweb","@id":"https:\/\/www.arenales.com.br\/blog\/#\/schema\/person\/4b16e8118397dad78148183d61788f70"},"headline":"Arenales recebe certifica\u00e7\u00e3o em Pr\u00eamio de M\u00e9rito Ambiental","datePublished":"2018-06-15T21:16:24+00:00","mainEntityOfPage":{"@id":"https:\/\/www.arenales.com.br\/blog\/arenales-recebe-certificacao-em-premio-de-merito-ambiental-2\/"},"wordCount":557,"commentCount":0,"image":{"@id":"https:\/\/www.arenales.com.br\/blog\/arenales-recebe-certificacao-em-premio-de-merito-ambiental-2\/#primaryimage"},"thumbnailUrl":"https:\/\/www.arenales.com.br\/blog\/wp-content\/uploads\/2020\/11\/capa_arenales.png","articleSection":["Not\u00edcias"],"inLanguage":"pt-BR","potentialAction":[{"@type":"CommentAction","name":"Comment","target":["https:\/\/www.arenales.com.br\/blog\/arenales-recebe-certificacao-em-premio-de-merito-ambiental-2\/#respond"]}]},{"@type":"WebPage","@id":"https:\/\/www.arenales.com.br\/blog\/arenales-recebe-certificacao-em-premio-de-merito-ambiental-2\/","url":"https:\/\/www.arenales.com.br\/blog\/arenales-recebe-certificacao-em-premio-de-merito-ambiental-2\/","name":"Arenales recebe certifica\u00e7\u00e3o em Pr\u00eamio de M\u00e9rito Ambiental - Arenales | Blog","isPartOf":{"@id":"https:\/\/www.arenales.com.br\/blog\/#website"},"primaryImageOfPage":{"@id":"https:\/\/www.arenales.com.br\/blog\/arenales-recebe-certificacao-em-premio-de-merito-ambiental-2\/#primaryimage"},"image":{"@id":"https:\/\/www.arenales.com.br\/blog\/arenales-recebe-certificacao-em-premio-de-merito-ambiental-2\/#primaryimage"},"thumbnailUrl":"https:\/\/www.arenales.com.br\/blog\/wp-content\/uploads\/2020\/11\/capa_arenales.png","datePublished":"2018-06-15T21:16:24+00:00","author":{"@id":"https:\/\/www.arenales.com.br\/blog\/#\/schema\/person\/4b16e8118397dad78148183d61788f70"},"description":"Leia sobre Arenales recebe certifica\u00e7\u00e3o em Pr\u00eamio de M\u00e9rito Ambiental, aqui na Arenales | Blog - Not\u00edcias sobre Homeopatia Animal","breadcrumb":{"@id":"https:\/\/www.arenales.com.br\/blog\/arenales-recebe-certificacao-em-premio-de-merito-ambiental-2\/#breadcrumb"},"inLanguage":"pt-BR","potentialAction":[{"@type":"ReadAction","target":["https:\/\/www.arenales.com.br\/blog\/arenales-recebe-certificacao-em-premio-de-merito-ambiental-2\/"]}]},{"@type":"ImageObject","inLanguage":"pt-BR","@id":"https:\/\/www.arenales.com.br\/blog\/arenales-recebe-certificacao-em-premio-de-merito-ambiental-2\/#primaryimage","url":"https:\/\/www.arenales.com.br\/blog\/wp-content\/uploads\/2020\/11\/capa_arenales.png","contentUrl":"https:\/\/www.arenales.com.br\/blog\/wp-content\/uploads\/2020\/11\/capa_arenales.png","width":1200,"height":628},{"@type":"BreadcrumbList","@id":"https:\/\/www.arenales.com.br\/blog\/arenales-recebe-certificacao-em-premio-de-merito-ambiental-2\/#breadcrumb","itemListElement":[{"@type":"ListItem","position":1,"name":"In\u00edcio","item":"https:\/\/www.arenales.com.br\/blog\/"},{"@type":"ListItem","position":2,"name":"Arenales recebe certifica\u00e7\u00e3o em Pr\u00eamio de M\u00e9rito Ambiental"}]},{"@type":"WebSite","@id":"https:\/\/www.arenales.com.br\/blog\/#website","url":"https:\/\/www.arenales.com.br\/blog\/","name":"Arenales | Blog","description":"Not\u00edcias sobre Homeopatia Animal","potentialAction":[{"@type":"SearchAction","target":{"@type":"EntryPoint","urlTemplate":"https:\/\/www.arenales.com.br\/blog\/?s={search_term_string}"},"query-input":{"@type":"PropertyValueSpecification","valueRequired":true,"valueName":"search_term_string"}}],"inLanguage":"pt-BR"},{"@type":"Person","@id":"https:\/\/www.arenales.com.br\/blog\/#\/schema\/person\/4b16e8118397dad78148183d61788f70","name":"Redator Oxigenweb","image":{"@type":"ImageObject","inLanguage":"pt-BR","@id":"https:\/\/www.arenales.com.br\/blog\/#\/schema\/person\/image\/","url":"https:\/\/secure.gravatar.com\/avatar\/ff2ae70070243f5b9bcec4c798c21fce81251988fc5ea61e314458603dcb0508?s=96&d=mm&r=g","contentUrl":"https:\/\/secure.gravatar.com\/avatar\/ff2ae70070243f5b9bcec4c798c21fce81251988fc5ea61e314458603dcb0508?s=96&d=mm&r=g","caption":"Redator Oxigenweb"},"url":"https:\/\/www.arenales.com.br\/blog\/author\/redatoro2\/"}]}},"_links":{"self":[{"href":"https:\/\/www.arenales.com.br\/blog\/wp-json\/wp\/v2\/posts\/1025","targetHints":{"allow":["GET"]}}],"collection":[{"href":"https:\/\/www.arenales.com.br\/blog\/wp-json\/wp\/v2\/posts"}],"about":[{"href":"https:\/\/www.arenales.com.br\/blog\/wp-json\/wp\/v2\/types\/post"}],"author":[{"embeddable":true,"href":"https:\/\/www.arenales.com.br\/blog\/wp-json\/wp\/v2\/users\/5"}],"replies":[{"embeddable":true,"href":"https:\/\/www.arenales.com.br\/blog\/wp-json\/wp\/v2\/comments?post=1025"}],"version-history":[{"count":0,"href":"https:\/\/www.arenales.com.br\/blog\/wp-json\/wp\/v2\/posts\/1025\/revisions"}],"wp:featuredmedia":[{"embeddable":true,"href":"https:\/\/www.arenales.com.br\/blog\/wp-json\/wp\/v2\/media\/1193"}],"wp:attachment":[{"href":"https:\/\/www.arenales.com.br\/blog\/wp-json\/wp\/v2\/media?parent=1025"}],"wp:term":[{"taxonomy":"category","embeddable":true,"href":"https:\/\/www.arenales.com.br\/blog\/wp-json\/wp\/v2\/categories?post=1025"},{"taxonomy":"post_tag","embeddable":true,"href":"https:\/\/www.arenales.com.br\/blog\/wp-json\/wp\/v2\/tags?post=1025"}],"curies":[{"name":"wp","href":"https:\/\/api.w.org\/{rel}","templated":true}]}}