{"id":1007,"date":"2018-03-28T10:51:21","date_gmt":"2018-03-28T13:51:21","guid":{"rendered":"https:\/\/arenales.com.br\/?p=6218"},"modified":"2018-03-28T10:51:21","modified_gmt":"2018-03-28T13:51:21","slug":"arenales-participa-de-conferencia-da-agua","status":"publish","type":"post","link":"https:\/\/www.arenales.com.br\/blog\/arenales-participa-de-conferencia-da-agua\/","title":{"rendered":"Arenales participa de Confer\u00eancia da \u00c1gua"},"content":{"rendered":"<p><!--:pt-->Na manh\u00e3 desta quarta-feira (28), a Arenales Homeopatianimal participou da &#8216;Confer\u00eancia sobre \u00c1gua&#8217; realizada na escola estadual Joel Ant\u00f4nio de Lima Gen\u00e9sio, em Presidente Prudente (SP). O evento teve como principal objetivo debater com pais, alunos e professores formas de se economizar o recurso natural. Na ocasi\u00e3o, os alunos leram poemas, e promoveram a\u00e7\u00f5es sobre o tema.<\/p>\n<p>A participa\u00e7\u00e3o da Arenales na Confer\u00eancia, que contou com a parceria da Secretaria do Meio Ambiente da cidade, foi levar as a\u00e7\u00f5es desenvolvidas na empresa em rela\u00e7\u00e3o aos Programas de Conserva\u00e7\u00e3o e Reuso da \u00c1gua. O assessor da dire\u00e7\u00e3o, David de Tarso, falou sobre qual a economia mensal e anual gerada pelas iniciativas e tamb\u00e9m formas de aplicar as a\u00e7\u00f5es em casa. Ao final da palestra, o representante da Arenales Homeopatianimal no evento, interagiu com os alunos promovendo um teatro que destacou a import\u00e2ncia de ser sustent\u00e1vel. <\/p>\n<p>A Confer\u00eancia foi em alus\u00e3o ao Dia Mundial da \u00c1gua, na semana passada. Os alunos da escola ser\u00e3o contemplados com uma Gincana de Reciclagem que ser\u00e1 realizada no segundo semestre deste ano. A Arenales com o apoio da Secretaria do Meio Ambiente j\u00e1 realizou essa gincana no Sesi, e a meta \u00e9 promov\u00ea-la novamente, agora na escola estadual. <a href=\"https:\/\/www.arenales.com.br\/blog\/dia-de-diversao-e-oferecido-criancas-em-gincana-promovida-pela-arenales\/\">Clique aqui<\/a> e saiba mais!<\/p>\n\n","protected":false},"excerpt":{"rendered":"<p>Na manh\u00e3 desta quarta-feira (28), a Arenales Homeopatianimal participou da &#8216;Confer\u00eancia sobre \u00c1gua&#8217; realizada na escola estadual Joel Ant\u00f4nio de Lima Gen\u00e9sio, em Presidente Prudente (SP). O evento teve como principal objetivo debater com pais, alunos e professores formas de se economizar o recurso natural. Na ocasi\u00e3o, os alunos leram poemas, e promoveram a\u00e7\u00f5es sobre&#8230;<\/p>\n","protected":false},"author":5,"featured_media":1193,"comment_status":"open","ping_status":"open","sticky":false,"template":"","format":"standard","meta":{"footnotes":""},"categories":[1],"tags":[],"class_list":["post-1007","post","type-post","status-publish","format-standard","has-post-thumbnail","hentry","category-noticias"],"yoast_head":"<!-- This site is optimized with the Yoast SEO plugin v27.0 - https:\/\/yoast.com\/product\/yoast-seo-wordpress\/ -->\n<title>Arenales participa de Confer\u00eancia da \u00c1gua  - Arenales | Blog<\/title>\n<meta name=\"description\" content=\"Leia sobre Arenales participa de Confer\u00eancia da \u00c1gua , aqui na Arenales | Blog - Not\u00edcias sobre Homeopatia Animal\" \/>\n<meta name=\"robots\" content=\"index, follow, max-snippet:-1, max-image-preview:large, max-video-preview:-1\" \/>\n<link rel=\"canonical\" href=\"https:\/\/www.arenales.com.br\/blog\/arenales-participa-de-conferencia-da-agua\/\" \/>\n<meta property=\"og:locale\" content=\"pt_BR\" \/>\n<meta property=\"og:type\" content=\"article\" \/>\n<meta property=\"og:title\" content=\"Arenales participa de Confer\u00eancia da \u00c1gua  - Arenales | Blog\" \/>\n<meta property=\"og:description\" content=\"Leia sobre Arenales participa de Confer\u00eancia da \u00c1gua , aqui na Arenales | Blog - Not\u00edcias sobre Homeopatia Animal\" \/>\n<meta property=\"og:url\" content=\"https:\/\/www.arenales.com.br\/blog\/arenales-participa-de-conferencia-da-agua\/\" \/>\n<meta property=\"og:site_name\" content=\"Arenales | Blog\" \/>\n<meta property=\"article:published_time\" content=\"2018-03-28T13:51:21+00:00\" \/>\n<meta property=\"og:image\" content=\"https:\/\/www.arenales.com.br\/blog\/wp-content\/uploads\/2020\/11\/capa_arenales.png\" \/>\n\t<meta property=\"og:image:width\" content=\"1200\" \/>\n\t<meta property=\"og:image:height\" content=\"628\" \/>\n\t<meta property=\"og:image:type\" content=\"image\/png\" \/>\n<meta name=\"author\" content=\"Redator Oxigenweb\" \/>\n<meta name=\"twitter:card\" content=\"summary_large_image\" \/>\n<meta name=\"twitter:label1\" content=\"Escrito por\" \/>\n\t<meta name=\"twitter:data1\" content=\"Redator Oxigenweb\" \/>\n\t<meta name=\"twitter:label2\" content=\"Est. tempo de leitura\" \/>\n\t<meta name=\"twitter:data2\" content=\"1 minuto\" \/>\n<script type=\"application\/ld+json\" class=\"yoast-schema-graph\">{\"@context\":\"https:\/\/schema.org\",\"@graph\":[{\"@type\":\"Article\",\"@id\":\"https:\/\/www.arenales.com.br\/blog\/arenales-participa-de-conferencia-da-agua\/#article\",\"isPartOf\":{\"@id\":\"https:\/\/www.arenales.com.br\/blog\/arenales-participa-de-conferencia-da-agua\/\"},\"author\":{\"name\":\"Redator Oxigenweb\",\"@id\":\"https:\/\/www.arenales.com.br\/blog\/#\/schema\/person\/4b16e8118397dad78148183d61788f70\"},\"headline\":\"Arenales participa de Confer\u00eancia da \u00c1gua\",\"datePublished\":\"2018-03-28T13:51:21+00:00\",\"mainEntityOfPage\":{\"@id\":\"https:\/\/www.arenales.com.br\/blog\/arenales-participa-de-conferencia-da-agua\/\"},\"wordCount\":234,\"commentCount\":0,\"image\":{\"@id\":\"https:\/\/www.arenales.com.br\/blog\/arenales-participa-de-conferencia-da-agua\/#primaryimage\"},\"thumbnailUrl\":\"https:\/\/www.arenales.com.br\/blog\/wp-content\/uploads\/2020\/11\/capa_arenales.png\",\"articleSection\":[\"Not\u00edcias\"],\"inLanguage\":\"pt-BR\",\"potentialAction\":[{\"@type\":\"CommentAction\",\"name\":\"Comment\",\"target\":[\"https:\/\/www.arenales.com.br\/blog\/arenales-participa-de-conferencia-da-agua\/#respond\"]}]},{\"@type\":\"WebPage\",\"@id\":\"https:\/\/www.arenales.com.br\/blog\/arenales-participa-de-conferencia-da-agua\/\",\"url\":\"https:\/\/www.arenales.com.br\/blog\/arenales-participa-de-conferencia-da-agua\/\",\"name\":\"Arenales participa de Confer\u00eancia da \u00c1gua - Arenales | Blog\",\"isPartOf\":{\"@id\":\"https:\/\/www.arenales.com.br\/blog\/#website\"},\"primaryImageOfPage\":{\"@id\":\"https:\/\/www.arenales.com.br\/blog\/arenales-participa-de-conferencia-da-agua\/#primaryimage\"},\"image\":{\"@id\":\"https:\/\/www.arenales.com.br\/blog\/arenales-participa-de-conferencia-da-agua\/#primaryimage\"},\"thumbnailUrl\":\"https:\/\/www.arenales.com.br\/blog\/wp-content\/uploads\/2020\/11\/capa_arenales.png\",\"datePublished\":\"2018-03-28T13:51:21+00:00\",\"author\":{\"@id\":\"https:\/\/www.arenales.com.br\/blog\/#\/schema\/person\/4b16e8118397dad78148183d61788f70\"},\"description\":\"Leia sobre Arenales participa de Confer\u00eancia da \u00c1gua , aqui na Arenales | Blog - Not\u00edcias sobre Homeopatia Animal\",\"breadcrumb\":{\"@id\":\"https:\/\/www.arenales.com.br\/blog\/arenales-participa-de-conferencia-da-agua\/#breadcrumb\"},\"inLanguage\":\"pt-BR\",\"potentialAction\":[{\"@type\":\"ReadAction\",\"target\":[\"https:\/\/www.arenales.com.br\/blog\/arenales-participa-de-conferencia-da-agua\/\"]}]},{\"@type\":\"ImageObject\",\"inLanguage\":\"pt-BR\",\"@id\":\"https:\/\/www.arenales.com.br\/blog\/arenales-participa-de-conferencia-da-agua\/#primaryimage\",\"url\":\"https:\/\/www.arenales.com.br\/blog\/wp-content\/uploads\/2020\/11\/capa_arenales.png\",\"contentUrl\":\"https:\/\/www.arenales.com.br\/blog\/wp-content\/uploads\/2020\/11\/capa_arenales.png\",\"width\":1200,\"height\":628},{\"@type\":\"BreadcrumbList\",\"@id\":\"https:\/\/www.arenales.com.br\/blog\/arenales-participa-de-conferencia-da-agua\/#breadcrumb\",\"itemListElement\":[{\"@type\":\"ListItem\",\"position\":1,\"name\":\"In\u00edcio\",\"item\":\"https:\/\/www.arenales.com.br\/blog\/\"},{\"@type\":\"ListItem\",\"position\":2,\"name\":\"Arenales participa de Confer\u00eancia da \u00c1gua\"}]},{\"@type\":\"WebSite\",\"@id\":\"https:\/\/www.arenales.com.br\/blog\/#website\",\"url\":\"https:\/\/www.arenales.com.br\/blog\/\",\"name\":\"Arenales | Blog\",\"description\":\"Not\u00edcias sobre Homeopatia Animal\",\"potentialAction\":[{\"@type\":\"SearchAction\",\"target\":{\"@type\":\"EntryPoint\",\"urlTemplate\":\"https:\/\/www.arenales.com.br\/blog\/?s={search_term_string}\"},\"query-input\":{\"@type\":\"PropertyValueSpecification\",\"valueRequired\":true,\"valueName\":\"search_term_string\"}}],\"inLanguage\":\"pt-BR\"},{\"@type\":\"Person\",\"@id\":\"https:\/\/www.arenales.com.br\/blog\/#\/schema\/person\/4b16e8118397dad78148183d61788f70\",\"name\":\"Redator Oxigenweb\",\"image\":{\"@type\":\"ImageObject\",\"inLanguage\":\"pt-BR\",\"@id\":\"https:\/\/www.arenales.com.br\/blog\/#\/schema\/person\/image\/\",\"url\":\"https:\/\/secure.gravatar.com\/avatar\/ff2ae70070243f5b9bcec4c798c21fce81251988fc5ea61e314458603dcb0508?s=96&d=mm&r=g\",\"contentUrl\":\"https:\/\/secure.gravatar.com\/avatar\/ff2ae70070243f5b9bcec4c798c21fce81251988fc5ea61e314458603dcb0508?s=96&d=mm&r=g\",\"caption\":\"Redator Oxigenweb\"},\"url\":\"https:\/\/www.arenales.com.br\/blog\/author\/redatoro2\/\"}]}<\/script>\n<!-- \/ Yoast SEO plugin. -->","yoast_head_json":{"title":"Arenales participa de Confer\u00eancia da \u00c1gua  - Arenales | Blog","description":"Leia sobre Arenales participa de Confer\u00eancia da \u00c1gua , aqui na Arenales | Blog - Not\u00edcias sobre Homeopatia Animal","robots":{"index":"index","follow":"follow","max-snippet":"max-snippet:-1","max-image-preview":"max-image-preview:large","max-video-preview":"max-video-preview:-1"},"canonical":"https:\/\/www.arenales.com.br\/blog\/arenales-participa-de-conferencia-da-agua\/","og_locale":"pt_BR","og_type":"article","og_title":"Arenales participa de Confer\u00eancia da \u00c1gua  - Arenales | Blog","og_description":"Leia sobre Arenales participa de Confer\u00eancia da \u00c1gua , aqui na Arenales | Blog - Not\u00edcias sobre Homeopatia Animal","og_url":"https:\/\/www.arenales.com.br\/blog\/arenales-participa-de-conferencia-da-agua\/","og_site_name":"Arenales | Blog","article_published_time":"2018-03-28T13:51:21+00:00","og_image":[{"width":1200,"height":628,"url":"https:\/\/www.arenales.com.br\/blog\/wp-content\/uploads\/2020\/11\/capa_arenales.png","type":"image\/png"}],"author":"Redator Oxigenweb","twitter_card":"summary_large_image","twitter_misc":{"Escrito por":"Redator Oxigenweb","Est. tempo de leitura":"1 minuto"},"schema":{"@context":"https:\/\/schema.org","@graph":[{"@type":"Article","@id":"https:\/\/www.arenales.com.br\/blog\/arenales-participa-de-conferencia-da-agua\/#article","isPartOf":{"@id":"https:\/\/www.arenales.com.br\/blog\/arenales-participa-de-conferencia-da-agua\/"},"author":{"name":"Redator Oxigenweb","@id":"https:\/\/www.arenales.com.br\/blog\/#\/schema\/person\/4b16e8118397dad78148183d61788f70"},"headline":"Arenales participa de Confer\u00eancia da \u00c1gua","datePublished":"2018-03-28T13:51:21+00:00","mainEntityOfPage":{"@id":"https:\/\/www.arenales.com.br\/blog\/arenales-participa-de-conferencia-da-agua\/"},"wordCount":234,"commentCount":0,"image":{"@id":"https:\/\/www.arenales.com.br\/blog\/arenales-participa-de-conferencia-da-agua\/#primaryimage"},"thumbnailUrl":"https:\/\/www.arenales.com.br\/blog\/wp-content\/uploads\/2020\/11\/capa_arenales.png","articleSection":["Not\u00edcias"],"inLanguage":"pt-BR","potentialAction":[{"@type":"CommentAction","name":"Comment","target":["https:\/\/www.arenales.com.br\/blog\/arenales-participa-de-conferencia-da-agua\/#respond"]}]},{"@type":"WebPage","@id":"https:\/\/www.arenales.com.br\/blog\/arenales-participa-de-conferencia-da-agua\/","url":"https:\/\/www.arenales.com.br\/blog\/arenales-participa-de-conferencia-da-agua\/","name":"Arenales participa de Confer\u00eancia da \u00c1gua - Arenales | Blog","isPartOf":{"@id":"https:\/\/www.arenales.com.br\/blog\/#website"},"primaryImageOfPage":{"@id":"https:\/\/www.arenales.com.br\/blog\/arenales-participa-de-conferencia-da-agua\/#primaryimage"},"image":{"@id":"https:\/\/www.arenales.com.br\/blog\/arenales-participa-de-conferencia-da-agua\/#primaryimage"},"thumbnailUrl":"https:\/\/www.arenales.com.br\/blog\/wp-content\/uploads\/2020\/11\/capa_arenales.png","datePublished":"2018-03-28T13:51:21+00:00","author":{"@id":"https:\/\/www.arenales.com.br\/blog\/#\/schema\/person\/4b16e8118397dad78148183d61788f70"},"description":"Leia sobre Arenales participa de Confer\u00eancia da \u00c1gua , aqui na Arenales | Blog - Not\u00edcias sobre Homeopatia Animal","breadcrumb":{"@id":"https:\/\/www.arenales.com.br\/blog\/arenales-participa-de-conferencia-da-agua\/#breadcrumb"},"inLanguage":"pt-BR","potentialAction":[{"@type":"ReadAction","target":["https:\/\/www.arenales.com.br\/blog\/arenales-participa-de-conferencia-da-agua\/"]}]},{"@type":"ImageObject","inLanguage":"pt-BR","@id":"https:\/\/www.arenales.com.br\/blog\/arenales-participa-de-conferencia-da-agua\/#primaryimage","url":"https:\/\/www.arenales.com.br\/blog\/wp-content\/uploads\/2020\/11\/capa_arenales.png","contentUrl":"https:\/\/www.arenales.com.br\/blog\/wp-content\/uploads\/2020\/11\/capa_arenales.png","width":1200,"height":628},{"@type":"BreadcrumbList","@id":"https:\/\/www.arenales.com.br\/blog\/arenales-participa-de-conferencia-da-agua\/#breadcrumb","itemListElement":[{"@type":"ListItem","position":1,"name":"In\u00edcio","item":"https:\/\/www.arenales.com.br\/blog\/"},{"@type":"ListItem","position":2,"name":"Arenales participa de Confer\u00eancia da \u00c1gua"}]},{"@type":"WebSite","@id":"https:\/\/www.arenales.com.br\/blog\/#website","url":"https:\/\/www.arenales.com.br\/blog\/","name":"Arenales | Blog","description":"Not\u00edcias sobre Homeopatia Animal","potentialAction":[{"@type":"SearchAction","target":{"@type":"EntryPoint","urlTemplate":"https:\/\/www.arenales.com.br\/blog\/?s={search_term_string}"},"query-input":{"@type":"PropertyValueSpecification","valueRequired":true,"valueName":"search_term_string"}}],"inLanguage":"pt-BR"},{"@type":"Person","@id":"https:\/\/www.arenales.com.br\/blog\/#\/schema\/person\/4b16e8118397dad78148183d61788f70","name":"Redator Oxigenweb","image":{"@type":"ImageObject","inLanguage":"pt-BR","@id":"https:\/\/www.arenales.com.br\/blog\/#\/schema\/person\/image\/","url":"https:\/\/secure.gravatar.com\/avatar\/ff2ae70070243f5b9bcec4c798c21fce81251988fc5ea61e314458603dcb0508?s=96&d=mm&r=g","contentUrl":"https:\/\/secure.gravatar.com\/avatar\/ff2ae70070243f5b9bcec4c798c21fce81251988fc5ea61e314458603dcb0508?s=96&d=mm&r=g","caption":"Redator Oxigenweb"},"url":"https:\/\/www.arenales.com.br\/blog\/author\/redatoro2\/"}]}},"_links":{"self":[{"href":"https:\/\/www.arenales.com.br\/blog\/wp-json\/wp\/v2\/posts\/1007","targetHints":{"allow":["GET"]}}],"collection":[{"href":"https:\/\/www.arenales.com.br\/blog\/wp-json\/wp\/v2\/posts"}],"about":[{"href":"https:\/\/www.arenales.com.br\/blog\/wp-json\/wp\/v2\/types\/post"}],"author":[{"embeddable":true,"href":"https:\/\/www.arenales.com.br\/blog\/wp-json\/wp\/v2\/users\/5"}],"replies":[{"embeddable":true,"href":"https:\/\/www.arenales.com.br\/blog\/wp-json\/wp\/v2\/comments?post=1007"}],"version-history":[{"count":0,"href":"https:\/\/www.arenales.com.br\/blog\/wp-json\/wp\/v2\/posts\/1007\/revisions"}],"wp:featuredmedia":[{"embeddable":true,"href":"https:\/\/www.arenales.com.br\/blog\/wp-json\/wp\/v2\/media\/1193"}],"wp:attachment":[{"href":"https:\/\/www.arenales.com.br\/blog\/wp-json\/wp\/v2\/media?parent=1007"}],"wp:term":[{"taxonomy":"category","embeddable":true,"href":"https:\/\/www.arenales.com.br\/blog\/wp-json\/wp\/v2\/categories?post=1007"},{"taxonomy":"post_tag","embeddable":true,"href":"https:\/\/www.arenales.com.br\/blog\/wp-json\/wp\/v2\/tags?post=1007"}],"curies":[{"name":"wp","href":"https:\/\/api.w.org\/{rel}","templated":true}]}}