{"id":1006,"date":"2018-03-28T10:25:38","date_gmt":"2018-03-28T13:25:38","guid":{"rendered":"https:\/\/arenales.com.br\/?p=6212"},"modified":"2018-03-28T10:26:15","modified_gmt":"2018-03-28T13:26:15","slug":"alunos","status":"publish","type":"post","link":"https:\/\/www.arenales.com.br\/blog\/alunos\/","title":{"rendered":"Semana acad\u00eamica em Dourados tem presen\u00e7a da Arenales"},"content":{"rendered":"<p><!--:pt--><a href=\"https:\/\/www.arenales.com.br\/blog\/wp-content\/uploads\/2018\/03\/Palestra-Unigran.jpeg\"><img loading=\"lazy\" decoding=\"async\" src=\"https:\/\/www.arenales.com.br\/blog\/wp-content\/uploads\/2018\/03\/Palestra-Unigran-300x225.jpeg\" alt=\"Palestra Unigran\" width=\"300\" height=\"225\" class=\"alignleft size-medium wp-image-6215\" \/><\/a>A Arenales Homeopatianimal por meio da distribuidora Smart Pet, em Dourados (MS), participou da XII Semana Cient\u00edfica de Estudos em Medicina Veterin\u00e1ria da Unigran. Os alunos puderam ter informa\u00e7\u00f5es com o m\u00e9dico veterin\u00e1rio Ricardo Arenales, do departamento t\u00e9cnico comercial da empresa sobre os benef\u00edcios da homeopatia veterin\u00e1ria para tratar e prevenir doen\u00e7as. Tamb\u00e9m foram entregues mimos para os participantes.<\/p>\n<p>Sob o tema central \u2018Bem-estar Animal\u2019, a Semana Cient\u00edfica trouxe palestrantes e discuss\u00f5es importantes para acad\u00eamicos e profissionais da \u00e1rea. A palestra principal, com o professor Dr. Mateus Jos\u00e9 Rodrigues Paranhos da Costa, da Unesp em Jaboticabal (SP), abordou o bem-estar animal e suas rela\u00e7\u00f5es com a efici\u00eancia reprodutiva de bovinos de corte.<\/p>\n<p>Quando se fala em bem-estar bovino, o m\u00e9dico veterin\u00e1rio faz quest\u00e3o de ressaltar que \u00e9 essencial envolver todas as condi\u00e7\u00f5es do animal, como de alojamento e acomoda\u00e7\u00e3o, nutri\u00e7\u00e3o, sa\u00fade, possibilidade dele expressar sua natureza, entre outras. \u201cTodos esses elementos fazem parte de um sistema de produ\u00e7\u00e3o, seja ele intensivo ou extensivo, est\u00e1 diretamente influenciando o estado de bem-estar dos animais. Isso ainda ter\u00e1 um efeito no que ele sente: medo, dor, ang\u00fastia, fome ou sede, entre outros. Esses elementos atuam juntos e acaba um interferindo no outro, por exemplo, um animal mal nutrido tem problema de bem-estar, mas tamb\u00e9m provavelmente ter\u00e1 um problema de sa\u00fade, pois isso gera doen\u00e7as ou car\u00eancias metab\u00f3licas, o que vira uma \u2018bola de neve\u2019. Sendo assim, o problema de bem-estar pode se tornar muitos outros problemas, levando o animal a um sofrimento com um efeito negativo na resposta produtiva\u201d, enfatiza.<\/p>\n<p>Dr. Mateus da Costa diz que no que se refere \u00e0 produtividade, o sistema org\u00e2nico depende de equil\u00edbrio, havendo um desequil\u00edbrio h\u00e1 perdas. O profissional ressalta que as perdas podem ser na capacidade de imunidade, como resistir aos desafios do ambiente, queda na transforma\u00e7\u00e3o dos nutrientes em algum produto, como o leite e a carne, contudo, as perdas podem ser mais graves, ter les\u00f5es na carca\u00e7a, hematomas, machucados, fraturas que causam custos extras, perda que influencia na qualidade da carne, ou ainda chegar \u00e0 morte, sendo considerada perda total. \u201c\u00c9 uma cadeia de eventos que se acumulam por n\u00e3o ter levado em conta o bem-estar dos animais\u201d, afirma.<\/p>\n<p>\u201cQuem se importa com o bem-estar animal se aproxima dos animais e transforma a sua atividade profissional ou de forma\u00e7\u00e3o em algo mais prazeroso\u201d, destaca o palestrante. A quest\u00e3o do bem-estar est\u00e1 impl\u00edcita no fato do profissional criar condi\u00e7\u00f5es para os animais estarem bem, exercendo a profiss\u00e3o de forma mais satisfat\u00f3ria, pois, conforme da Costa, \u201cas pessoas que trabalham com animais que est\u00e3o bem, tamb\u00e9m se sentem melhor, se sentem realizadas profissionalmente\u201d.<\/p>\n<p>A programa\u00e7\u00e3o da Semana Cient\u00edfica tratou ainda do papel do profissional no \u00e2mbito do bem-estar animal; adestramento de c\u00e3es; bem-estar animal na \u00e1rea pet: animais de companhia e esporte; o bem-estar da fauna selvagem em cativeiro; implica\u00e7\u00f5es do bem-estar animal na ci\u00eancia animal (ambi\u00eancia e inova\u00e7\u00e3o); bem-estar na cl\u00ednica de grandes animais; homeopatia e bem-estar animal; bem-estar animal e suas rela\u00e7\u00f5es com a efici\u00eancia reprodutiva de bovinos de corte; implica\u00e7\u00f5es do bem-estar animal na cirurgia veterin\u00e1ria e ainda, epistemologia no bem-estar animal.<\/p>\n<p><strong>Estresse animal<\/strong><\/p>\n<p>Outro assunto abordado durante o evento, \u00b4As altera\u00e7\u00f5es patol\u00f3gicas encontradas em animais que sofreram doen\u00e7as relacionadas ao estresse\u2019, em palestra ministrada pelo professor Dr. Ricardo Ant\u00f4nio Amaral de Lemos \u2013 UFMS. O profissional mostrou quando situa\u00e7\u00f5es de estresse podem levar ao desencadeamento de doen\u00e7as, por\u00e9m procurou dar uma abordagem mais ampla, tanto do que seria doen\u00e7a e do que seria estresse. Segundo ele, \u201cqualquer situa\u00e7\u00e3o de desconforto do animal, como por exemplo, priva\u00e7\u00e3o de alimento, pode ser uma fonte de estresse, e isso tamb\u00e9m desenvolver comportamentos ou baixa de imunidade que fa\u00e7a com que esses animais desenvolvam doen\u00e7as\u201d, orienta.<\/p>\n<p>Na rotina de diagn\u00f3stico, Lemos declara que tem identificado diferentes doen\u00e7as que s\u00e3o relacionadas \u00e0 quest\u00e3o do estresse. Algumas conhecidas h\u00e1 bastante tempo, como por exemplo, pneumonias, que antigamente era conhecida como febre dos transportes. \u201cComo os animais eram transportados a longas dist\u00e2ncias, de navios, sofriam estresse muito grande, quando chegavam aos locais de destino, morriam de pneumonia\u201d, relata.<\/p>\n<p>H\u00e1 outras doen\u00e7as que est\u00e3o associadas ao estresse, por\u00e9m n\u00e3o com uma rela\u00e7\u00e3o de causa t\u00e3o forte, de acordo com o m\u00e9dico veterin\u00e1rio. Ele exemplifica: \u201cum bezerro que \u00e9 mal tratado no nascimento, n\u00e3o \u00e9 feita corretamente a cura do umbigo, isso pode ter consequ\u00eancias, o pr\u00f3prio manejo, se n\u00e3o \u00e9 bem cuidado, isso pode gerar um estresse no animal que venha ter consequ\u00eancias no futuro\u201d.<\/p>\n<p>Quando um animal \u00e9 tirado do ambiente natural, por si s\u00f3 j\u00e1 gera um estresse. \u201cO animal pet foi domesticado, por\u00e9m, um animal fechado em um apartamento, vai ter o mesmo estresse que um bovino confinado. Mas mesmo assim, um bovino criado extensivamente, a campo, pode viver situa\u00e7\u00f5es de estresse: como pouca disponibilidade de \u00e1gua ou de alimento, ainda situa\u00e7\u00f5es pontuais, como trazer para um procedimento de vacina\u00e7\u00e3o. Quem for trabalhar no sistema de produ\u00e7\u00e3o, tem que procurar conciliar o bem-estar com a produtividade, o que vai diminuir o estresse. N\u00e3o adianta querer trabalhar em uma situa\u00e7\u00e3o que causa menos estresse, mas que n\u00e3o \u00e9 economicamente vi\u00e1vel. \u00c9 importante verificar o quanto o bem-estar pode agregar no ganho de produ\u00e7\u00e3o\u201d, avalia Dr. Ricardo.<\/p>\n<p>O m\u00e9dico veterin\u00e1rio cita, ainda, outra situa\u00e7\u00e3o que vale ressaltar: o perfil do consumidor est\u00e1 mudando. \u201cSitua\u00e7\u00f5es que antes talvez eram aceitas, consideradas normais com o trato animal, para o padr\u00e3o da \u00e9poca, hoje, com um processo maior de urbaniza\u00e7\u00e3o da popula\u00e7\u00e3o mudou um pouco a cultura. Ent\u00e3o, o profissional precisa se adaptar a essas situa\u00e7\u00f5es de produzir em situa\u00e7\u00f5es de bem-estar que tornem o produto aceito pelo consumidor\u201d, finaliza Dr. Ricardo Ant\u00f4nio Amaral de Lemos.<\/p>\n<p>(Fonte: AI\/Unigran)<\/p>\n","protected":false},"excerpt":{"rendered":"<p>A Arenales Homeopatianimal por meio da distribuidora Smart Pet, em Dourados (MS), participou da XII Semana Cient\u00edfica de Estudos em Medicina Veterin\u00e1ria da Unigran. Os alunos puderam ter informa\u00e7\u00f5es com o m\u00e9dico veterin\u00e1rio Ricardo Arenales, do departamento t\u00e9cnico comercial da empresa sobre os benef\u00edcios da homeopatia veterin\u00e1ria para tratar e prevenir doen\u00e7as. Tamb\u00e9m foram entregues&#8230;<\/p>\n","protected":false},"author":5,"featured_media":1193,"comment_status":"open","ping_status":"open","sticky":false,"template":"","format":"standard","meta":{"footnotes":""},"categories":[1],"tags":[],"class_list":["post-1006","post","type-post","status-publish","format-standard","has-post-thumbnail","hentry","category-noticias"],"yoast_head":"<!-- This site is optimized with the Yoast SEO plugin v27.0 - https:\/\/yoast.com\/product\/yoast-seo-wordpress\/ -->\n<title>Semana acad\u00eamica em Dourados tem presen\u00e7a da Arenales - Arenales | Blog<\/title>\n<meta name=\"description\" content=\"Leia sobre Semana acad\u00eamica em Dourados tem presen\u00e7a da Arenales, aqui na Arenales | Blog - Not\u00edcias sobre Homeopatia Animal\" \/>\n<meta name=\"robots\" content=\"index, follow, max-snippet:-1, max-image-preview:large, max-video-preview:-1\" \/>\n<link rel=\"canonical\" href=\"https:\/\/www.arenales.com.br\/blog\/alunos\/\" \/>\n<meta property=\"og:locale\" content=\"pt_BR\" \/>\n<meta property=\"og:type\" content=\"article\" \/>\n<meta property=\"og:title\" content=\"Semana acad\u00eamica em Dourados tem presen\u00e7a da Arenales - Arenales | Blog\" \/>\n<meta property=\"og:description\" content=\"Leia sobre Semana acad\u00eamica em Dourados tem presen\u00e7a da Arenales, aqui na Arenales | Blog - Not\u00edcias sobre Homeopatia Animal\" \/>\n<meta property=\"og:url\" content=\"https:\/\/www.arenales.com.br\/blog\/alunos\/\" \/>\n<meta property=\"og:site_name\" content=\"Arenales | Blog\" \/>\n<meta property=\"article:published_time\" content=\"2018-03-28T13:25:38+00:00\" \/>\n<meta property=\"article:modified_time\" content=\"2018-03-28T13:26:15+00:00\" \/>\n<meta property=\"og:image\" content=\"https:\/\/www.arenales.com.br\/blog\/wp-content\/uploads\/2020\/11\/capa_arenales.png\" \/>\n\t<meta property=\"og:image:width\" content=\"1200\" \/>\n\t<meta property=\"og:image:height\" content=\"628\" \/>\n\t<meta property=\"og:image:type\" content=\"image\/png\" \/>\n<meta name=\"author\" content=\"Redator Oxigenweb\" \/>\n<meta name=\"twitter:card\" content=\"summary_large_image\" \/>\n<meta name=\"twitter:label1\" content=\"Escrito por\" \/>\n\t<meta name=\"twitter:data1\" content=\"Redator Oxigenweb\" \/>\n\t<meta name=\"twitter:label2\" content=\"Est. tempo de leitura\" \/>\n\t<meta name=\"twitter:data2\" content=\"5 minutos\" \/>\n<script type=\"application\/ld+json\" class=\"yoast-schema-graph\">{\"@context\":\"https:\/\/schema.org\",\"@graph\":[{\"@type\":\"Article\",\"@id\":\"https:\/\/www.arenales.com.br\/blog\/alunos\/#article\",\"isPartOf\":{\"@id\":\"https:\/\/www.arenales.com.br\/blog\/alunos\/\"},\"author\":{\"name\":\"Redator Oxigenweb\",\"@id\":\"https:\/\/www.arenales.com.br\/blog\/#\/schema\/person\/4b16e8118397dad78148183d61788f70\"},\"headline\":\"Semana acad\u00eamica em Dourados tem presen\u00e7a da Arenales\",\"datePublished\":\"2018-03-28T13:25:38+00:00\",\"dateModified\":\"2018-03-28T13:26:15+00:00\",\"mainEntityOfPage\":{\"@id\":\"https:\/\/www.arenales.com.br\/blog\/alunos\/\"},\"wordCount\":1053,\"commentCount\":0,\"image\":{\"@id\":\"https:\/\/www.arenales.com.br\/blog\/alunos\/#primaryimage\"},\"thumbnailUrl\":\"https:\/\/www.arenales.com.br\/blog\/wp-content\/uploads\/2020\/11\/capa_arenales.png\",\"articleSection\":[\"Not\u00edcias\"],\"inLanguage\":\"pt-BR\",\"potentialAction\":[{\"@type\":\"CommentAction\",\"name\":\"Comment\",\"target\":[\"https:\/\/www.arenales.com.br\/blog\/alunos\/#respond\"]}]},{\"@type\":\"WebPage\",\"@id\":\"https:\/\/www.arenales.com.br\/blog\/alunos\/\",\"url\":\"https:\/\/www.arenales.com.br\/blog\/alunos\/\",\"name\":\"Semana acad\u00eamica em Dourados tem presen\u00e7a da Arenales - Arenales | Blog\",\"isPartOf\":{\"@id\":\"https:\/\/www.arenales.com.br\/blog\/#website\"},\"primaryImageOfPage\":{\"@id\":\"https:\/\/www.arenales.com.br\/blog\/alunos\/#primaryimage\"},\"image\":{\"@id\":\"https:\/\/www.arenales.com.br\/blog\/alunos\/#primaryimage\"},\"thumbnailUrl\":\"https:\/\/www.arenales.com.br\/blog\/wp-content\/uploads\/2020\/11\/capa_arenales.png\",\"datePublished\":\"2018-03-28T13:25:38+00:00\",\"dateModified\":\"2018-03-28T13:26:15+00:00\",\"author\":{\"@id\":\"https:\/\/www.arenales.com.br\/blog\/#\/schema\/person\/4b16e8118397dad78148183d61788f70\"},\"description\":\"Leia sobre Semana acad\u00eamica em Dourados tem presen\u00e7a da Arenales, aqui na Arenales | Blog - Not\u00edcias sobre Homeopatia Animal\",\"breadcrumb\":{\"@id\":\"https:\/\/www.arenales.com.br\/blog\/alunos\/#breadcrumb\"},\"inLanguage\":\"pt-BR\",\"potentialAction\":[{\"@type\":\"ReadAction\",\"target\":[\"https:\/\/www.arenales.com.br\/blog\/alunos\/\"]}]},{\"@type\":\"ImageObject\",\"inLanguage\":\"pt-BR\",\"@id\":\"https:\/\/www.arenales.com.br\/blog\/alunos\/#primaryimage\",\"url\":\"https:\/\/www.arenales.com.br\/blog\/wp-content\/uploads\/2020\/11\/capa_arenales.png\",\"contentUrl\":\"https:\/\/www.arenales.com.br\/blog\/wp-content\/uploads\/2020\/11\/capa_arenales.png\",\"width\":1200,\"height\":628},{\"@type\":\"BreadcrumbList\",\"@id\":\"https:\/\/www.arenales.com.br\/blog\/alunos\/#breadcrumb\",\"itemListElement\":[{\"@type\":\"ListItem\",\"position\":1,\"name\":\"In\u00edcio\",\"item\":\"https:\/\/www.arenales.com.br\/blog\/\"},{\"@type\":\"ListItem\",\"position\":2,\"name\":\"Semana acad\u00eamica em Dourados tem presen\u00e7a da Arenales\"}]},{\"@type\":\"WebSite\",\"@id\":\"https:\/\/www.arenales.com.br\/blog\/#website\",\"url\":\"https:\/\/www.arenales.com.br\/blog\/\",\"name\":\"Arenales | Blog\",\"description\":\"Not\u00edcias sobre Homeopatia Animal\",\"potentialAction\":[{\"@type\":\"SearchAction\",\"target\":{\"@type\":\"EntryPoint\",\"urlTemplate\":\"https:\/\/www.arenales.com.br\/blog\/?s={search_term_string}\"},\"query-input\":{\"@type\":\"PropertyValueSpecification\",\"valueRequired\":true,\"valueName\":\"search_term_string\"}}],\"inLanguage\":\"pt-BR\"},{\"@type\":\"Person\",\"@id\":\"https:\/\/www.arenales.com.br\/blog\/#\/schema\/person\/4b16e8118397dad78148183d61788f70\",\"name\":\"Redator Oxigenweb\",\"image\":{\"@type\":\"ImageObject\",\"inLanguage\":\"pt-BR\",\"@id\":\"https:\/\/www.arenales.com.br\/blog\/#\/schema\/person\/image\/\",\"url\":\"https:\/\/secure.gravatar.com\/avatar\/ff2ae70070243f5b9bcec4c798c21fce81251988fc5ea61e314458603dcb0508?s=96&d=mm&r=g\",\"contentUrl\":\"https:\/\/secure.gravatar.com\/avatar\/ff2ae70070243f5b9bcec4c798c21fce81251988fc5ea61e314458603dcb0508?s=96&d=mm&r=g\",\"caption\":\"Redator Oxigenweb\"},\"url\":\"https:\/\/www.arenales.com.br\/blog\/author\/redatoro2\/\"}]}<\/script>\n<!-- \/ Yoast SEO plugin. -->","yoast_head_json":{"title":"Semana acad\u00eamica em Dourados tem presen\u00e7a da Arenales - Arenales | Blog","description":"Leia sobre Semana acad\u00eamica em Dourados tem presen\u00e7a da Arenales, aqui na Arenales | Blog - Not\u00edcias sobre Homeopatia Animal","robots":{"index":"index","follow":"follow","max-snippet":"max-snippet:-1","max-image-preview":"max-image-preview:large","max-video-preview":"max-video-preview:-1"},"canonical":"https:\/\/www.arenales.com.br\/blog\/alunos\/","og_locale":"pt_BR","og_type":"article","og_title":"Semana acad\u00eamica em Dourados tem presen\u00e7a da Arenales - Arenales | Blog","og_description":"Leia sobre Semana acad\u00eamica em Dourados tem presen\u00e7a da Arenales, aqui na Arenales | Blog - Not\u00edcias sobre Homeopatia Animal","og_url":"https:\/\/www.arenales.com.br\/blog\/alunos\/","og_site_name":"Arenales | Blog","article_published_time":"2018-03-28T13:25:38+00:00","article_modified_time":"2018-03-28T13:26:15+00:00","og_image":[{"width":1200,"height":628,"url":"https:\/\/www.arenales.com.br\/blog\/wp-content\/uploads\/2020\/11\/capa_arenales.png","type":"image\/png"}],"author":"Redator Oxigenweb","twitter_card":"summary_large_image","twitter_misc":{"Escrito por":"Redator Oxigenweb","Est. tempo de leitura":"5 minutos"},"schema":{"@context":"https:\/\/schema.org","@graph":[{"@type":"Article","@id":"https:\/\/www.arenales.com.br\/blog\/alunos\/#article","isPartOf":{"@id":"https:\/\/www.arenales.com.br\/blog\/alunos\/"},"author":{"name":"Redator Oxigenweb","@id":"https:\/\/www.arenales.com.br\/blog\/#\/schema\/person\/4b16e8118397dad78148183d61788f70"},"headline":"Semana acad\u00eamica em Dourados tem presen\u00e7a da Arenales","datePublished":"2018-03-28T13:25:38+00:00","dateModified":"2018-03-28T13:26:15+00:00","mainEntityOfPage":{"@id":"https:\/\/www.arenales.com.br\/blog\/alunos\/"},"wordCount":1053,"commentCount":0,"image":{"@id":"https:\/\/www.arenales.com.br\/blog\/alunos\/#primaryimage"},"thumbnailUrl":"https:\/\/www.arenales.com.br\/blog\/wp-content\/uploads\/2020\/11\/capa_arenales.png","articleSection":["Not\u00edcias"],"inLanguage":"pt-BR","potentialAction":[{"@type":"CommentAction","name":"Comment","target":["https:\/\/www.arenales.com.br\/blog\/alunos\/#respond"]}]},{"@type":"WebPage","@id":"https:\/\/www.arenales.com.br\/blog\/alunos\/","url":"https:\/\/www.arenales.com.br\/blog\/alunos\/","name":"Semana acad\u00eamica em Dourados tem presen\u00e7a da Arenales - Arenales | Blog","isPartOf":{"@id":"https:\/\/www.arenales.com.br\/blog\/#website"},"primaryImageOfPage":{"@id":"https:\/\/www.arenales.com.br\/blog\/alunos\/#primaryimage"},"image":{"@id":"https:\/\/www.arenales.com.br\/blog\/alunos\/#primaryimage"},"thumbnailUrl":"https:\/\/www.arenales.com.br\/blog\/wp-content\/uploads\/2020\/11\/capa_arenales.png","datePublished":"2018-03-28T13:25:38+00:00","dateModified":"2018-03-28T13:26:15+00:00","author":{"@id":"https:\/\/www.arenales.com.br\/blog\/#\/schema\/person\/4b16e8118397dad78148183d61788f70"},"description":"Leia sobre Semana acad\u00eamica em Dourados tem presen\u00e7a da Arenales, aqui na Arenales | Blog - Not\u00edcias sobre Homeopatia Animal","breadcrumb":{"@id":"https:\/\/www.arenales.com.br\/blog\/alunos\/#breadcrumb"},"inLanguage":"pt-BR","potentialAction":[{"@type":"ReadAction","target":["https:\/\/www.arenales.com.br\/blog\/alunos\/"]}]},{"@type":"ImageObject","inLanguage":"pt-BR","@id":"https:\/\/www.arenales.com.br\/blog\/alunos\/#primaryimage","url":"https:\/\/www.arenales.com.br\/blog\/wp-content\/uploads\/2020\/11\/capa_arenales.png","contentUrl":"https:\/\/www.arenales.com.br\/blog\/wp-content\/uploads\/2020\/11\/capa_arenales.png","width":1200,"height":628},{"@type":"BreadcrumbList","@id":"https:\/\/www.arenales.com.br\/blog\/alunos\/#breadcrumb","itemListElement":[{"@type":"ListItem","position":1,"name":"In\u00edcio","item":"https:\/\/www.arenales.com.br\/blog\/"},{"@type":"ListItem","position":2,"name":"Semana acad\u00eamica em Dourados tem presen\u00e7a da Arenales"}]},{"@type":"WebSite","@id":"https:\/\/www.arenales.com.br\/blog\/#website","url":"https:\/\/www.arenales.com.br\/blog\/","name":"Arenales | Blog","description":"Not\u00edcias sobre Homeopatia Animal","potentialAction":[{"@type":"SearchAction","target":{"@type":"EntryPoint","urlTemplate":"https:\/\/www.arenales.com.br\/blog\/?s={search_term_string}"},"query-input":{"@type":"PropertyValueSpecification","valueRequired":true,"valueName":"search_term_string"}}],"inLanguage":"pt-BR"},{"@type":"Person","@id":"https:\/\/www.arenales.com.br\/blog\/#\/schema\/person\/4b16e8118397dad78148183d61788f70","name":"Redator Oxigenweb","image":{"@type":"ImageObject","inLanguage":"pt-BR","@id":"https:\/\/www.arenales.com.br\/blog\/#\/schema\/person\/image\/","url":"https:\/\/secure.gravatar.com\/avatar\/ff2ae70070243f5b9bcec4c798c21fce81251988fc5ea61e314458603dcb0508?s=96&d=mm&r=g","contentUrl":"https:\/\/secure.gravatar.com\/avatar\/ff2ae70070243f5b9bcec4c798c21fce81251988fc5ea61e314458603dcb0508?s=96&d=mm&r=g","caption":"Redator Oxigenweb"},"url":"https:\/\/www.arenales.com.br\/blog\/author\/redatoro2\/"}]}},"_links":{"self":[{"href":"https:\/\/www.arenales.com.br\/blog\/wp-json\/wp\/v2\/posts\/1006","targetHints":{"allow":["GET"]}}],"collection":[{"href":"https:\/\/www.arenales.com.br\/blog\/wp-json\/wp\/v2\/posts"}],"about":[{"href":"https:\/\/www.arenales.com.br\/blog\/wp-json\/wp\/v2\/types\/post"}],"author":[{"embeddable":true,"href":"https:\/\/www.arenales.com.br\/blog\/wp-json\/wp\/v2\/users\/5"}],"replies":[{"embeddable":true,"href":"https:\/\/www.arenales.com.br\/blog\/wp-json\/wp\/v2\/comments?post=1006"}],"version-history":[{"count":0,"href":"https:\/\/www.arenales.com.br\/blog\/wp-json\/wp\/v2\/posts\/1006\/revisions"}],"wp:featuredmedia":[{"embeddable":true,"href":"https:\/\/www.arenales.com.br\/blog\/wp-json\/wp\/v2\/media\/1193"}],"wp:attachment":[{"href":"https:\/\/www.arenales.com.br\/blog\/wp-json\/wp\/v2\/media?parent=1006"}],"wp:term":[{"taxonomy":"category","embeddable":true,"href":"https:\/\/www.arenales.com.br\/blog\/wp-json\/wp\/v2\/categories?post=1006"},{"taxonomy":"post_tag","embeddable":true,"href":"https:\/\/www.arenales.com.br\/blog\/wp-json\/wp\/v2\/tags?post=1006"}],"curies":[{"name":"wp","href":"https:\/\/api.w.org\/{rel}","templated":true}]}}