{"id":1004,"date":"2018-03-22T10:27:40","date_gmt":"2018-03-22T13:27:40","guid":{"rendered":"https:\/\/arenales.com.br\/?p=6191"},"modified":"2018-03-28T10:13:43","modified_gmt":"2018-03-28T13:13:43","slug":"filial-da-arenales-em-sao-paulo-muda-de-endereco","status":"publish","type":"post","link":"https:\/\/www.arenales.com.br\/blog\/filial-da-arenales-em-sao-paulo-muda-de-endereco\/","title":{"rendered":"Filial da Arenales em S\u00e3o Paulo muda de endere\u00e7o"},"content":{"rendered":"<p><!--:pt--><a href=\"https:\/\/www.arenales.com.br\/blog\/wp-content\/uploads\/2018\/03\/Filial-SP.jpg\"><img loading=\"lazy\" decoding=\"async\" src=\"https:\/\/www.arenales.com.br\/blog\/wp-content\/uploads\/2018\/03\/Filial-SP-300x259.jpg\" alt=\"Filial SP\" width=\"300\" height=\"259\" class=\"alignright size-medium wp-image-6209\" \/><\/a>Pensando em um ambiente que ofere\u00e7a mais comodidade e conforto para atender os clientes e parceiros, a filial da Arenales Homeopatianimal em S\u00e3o Paulo (SP), que antes ficava na rua Tagipuru no bairro Perdizes, agora est\u00e1 funcionando na Alameda Olga, n\u00famero 288, sala 512, Barra Funda, a 80 metros do antigo endere\u00e7o onde ficamos instalados por 31 anos. <\/p>\n<p>Al\u00e9m da mudan\u00e7a no endere\u00e7o obtenha informa\u00e7\u00f5es pelo WhatsApp (11) 99417-7747. Nosso telefone fixo continua o mesmo: (11) 3825-5020 e (11) 3666-9862.<\/p>\n<p>O novo espa\u00e7o al\u00e9m de ficar numa regi\u00e3o estrat\u00e9gica de f\u00e1cil acesso na capital paulista, tamb\u00e9m oferece todas as condi\u00e7\u00f5es de acessibilidade \u00e0s pessoas com dificuldades de locomo\u00e7\u00e3o, seniors e seu melhor amigo!<\/p>\n","protected":false},"excerpt":{"rendered":"<p>Pensando em um ambiente que ofere\u00e7a mais comodidade e conforto para atender os clientes e parceiros, a filial da Arenales Homeopatianimal em S\u00e3o Paulo (SP), que antes ficava na rua Tagipuru no bairro Perdizes, agora est\u00e1 funcionando na Alameda Olga, n\u00famero 288, sala 512, Barra Funda, a 80 metros do antigo endere\u00e7o onde ficamos instalados&#8230;<\/p>\n","protected":false},"author":5,"featured_media":1193,"comment_status":"open","ping_status":"open","sticky":false,"template":"","format":"standard","meta":{"footnotes":""},"categories":[1],"tags":[],"class_list":["post-1004","post","type-post","status-publish","format-standard","has-post-thumbnail","hentry","category-noticias"],"yoast_head":"<!-- This site is optimized with the Yoast SEO plugin v27.0 - https:\/\/yoast.com\/product\/yoast-seo-wordpress\/ -->\n<title>Filial da Arenales em S\u00e3o Paulo muda de endere\u00e7o - Arenales | Blog<\/title>\n<meta name=\"description\" content=\"Leia sobre Filial da Arenales em S\u00e3o Paulo muda de endere\u00e7o, aqui na Arenales | Blog - Not\u00edcias sobre Homeopatia Animal\" \/>\n<meta name=\"robots\" content=\"index, follow, max-snippet:-1, max-image-preview:large, max-video-preview:-1\" \/>\n<link rel=\"canonical\" href=\"https:\/\/www.arenales.com.br\/blog\/filial-da-arenales-em-sao-paulo-muda-de-endereco\/\" \/>\n<meta property=\"og:locale\" content=\"pt_BR\" \/>\n<meta property=\"og:type\" content=\"article\" \/>\n<meta property=\"og:title\" content=\"Filial da Arenales em S\u00e3o Paulo muda de endere\u00e7o - Arenales | Blog\" \/>\n<meta property=\"og:description\" content=\"Leia sobre Filial da Arenales em S\u00e3o Paulo muda de endere\u00e7o, aqui na Arenales | Blog - Not\u00edcias sobre Homeopatia Animal\" \/>\n<meta property=\"og:url\" content=\"https:\/\/www.arenales.com.br\/blog\/filial-da-arenales-em-sao-paulo-muda-de-endereco\/\" \/>\n<meta property=\"og:site_name\" content=\"Arenales | Blog\" \/>\n<meta property=\"article:published_time\" content=\"2018-03-22T13:27:40+00:00\" \/>\n<meta property=\"article:modified_time\" content=\"2018-03-28T13:13:43+00:00\" \/>\n<meta property=\"og:image\" content=\"https:\/\/www.arenales.com.br\/blog\/wp-content\/uploads\/2020\/11\/capa_arenales.png\" \/>\n\t<meta property=\"og:image:width\" content=\"1200\" \/>\n\t<meta property=\"og:image:height\" content=\"628\" \/>\n\t<meta property=\"og:image:type\" content=\"image\/png\" \/>\n<meta name=\"author\" content=\"Redator Oxigenweb\" \/>\n<meta name=\"twitter:card\" content=\"summary_large_image\" \/>\n<meta name=\"twitter:label1\" content=\"Escrito por\" \/>\n\t<meta name=\"twitter:data1\" content=\"Redator Oxigenweb\" \/>\n\t<meta name=\"twitter:label2\" content=\"Est. tempo de leitura\" \/>\n\t<meta name=\"twitter:data2\" content=\"1 minuto\" \/>\n<script type=\"application\/ld+json\" class=\"yoast-schema-graph\">{\"@context\":\"https:\/\/schema.org\",\"@graph\":[{\"@type\":\"Article\",\"@id\":\"https:\/\/www.arenales.com.br\/blog\/filial-da-arenales-em-sao-paulo-muda-de-endereco\/#article\",\"isPartOf\":{\"@id\":\"https:\/\/www.arenales.com.br\/blog\/filial-da-arenales-em-sao-paulo-muda-de-endereco\/\"},\"author\":{\"name\":\"Redator Oxigenweb\",\"@id\":\"https:\/\/www.arenales.com.br\/blog\/#\/schema\/person\/4b16e8118397dad78148183d61788f70\"},\"headline\":\"Filial da Arenales em S\u00e3o Paulo muda de endere\u00e7o\",\"datePublished\":\"2018-03-22T13:27:40+00:00\",\"dateModified\":\"2018-03-28T13:13:43+00:00\",\"mainEntityOfPage\":{\"@id\":\"https:\/\/www.arenales.com.br\/blog\/filial-da-arenales-em-sao-paulo-muda-de-endereco\/\"},\"wordCount\":133,\"commentCount\":0,\"image\":{\"@id\":\"https:\/\/www.arenales.com.br\/blog\/filial-da-arenales-em-sao-paulo-muda-de-endereco\/#primaryimage\"},\"thumbnailUrl\":\"https:\/\/www.arenales.com.br\/blog\/wp-content\/uploads\/2020\/11\/capa_arenales.png\",\"articleSection\":[\"Not\u00edcias\"],\"inLanguage\":\"pt-BR\",\"potentialAction\":[{\"@type\":\"CommentAction\",\"name\":\"Comment\",\"target\":[\"https:\/\/www.arenales.com.br\/blog\/filial-da-arenales-em-sao-paulo-muda-de-endereco\/#respond\"]}]},{\"@type\":\"WebPage\",\"@id\":\"https:\/\/www.arenales.com.br\/blog\/filial-da-arenales-em-sao-paulo-muda-de-endereco\/\",\"url\":\"https:\/\/www.arenales.com.br\/blog\/filial-da-arenales-em-sao-paulo-muda-de-endereco\/\",\"name\":\"Filial da Arenales em S\u00e3o Paulo muda de endere\u00e7o - Arenales | Blog\",\"isPartOf\":{\"@id\":\"https:\/\/www.arenales.com.br\/blog\/#website\"},\"primaryImageOfPage\":{\"@id\":\"https:\/\/www.arenales.com.br\/blog\/filial-da-arenales-em-sao-paulo-muda-de-endereco\/#primaryimage\"},\"image\":{\"@id\":\"https:\/\/www.arenales.com.br\/blog\/filial-da-arenales-em-sao-paulo-muda-de-endereco\/#primaryimage\"},\"thumbnailUrl\":\"https:\/\/www.arenales.com.br\/blog\/wp-content\/uploads\/2020\/11\/capa_arenales.png\",\"datePublished\":\"2018-03-22T13:27:40+00:00\",\"dateModified\":\"2018-03-28T13:13:43+00:00\",\"author\":{\"@id\":\"https:\/\/www.arenales.com.br\/blog\/#\/schema\/person\/4b16e8118397dad78148183d61788f70\"},\"description\":\"Leia sobre Filial da Arenales em S\u00e3o Paulo muda de endere\u00e7o, aqui na Arenales | Blog - Not\u00edcias sobre Homeopatia Animal\",\"breadcrumb\":{\"@id\":\"https:\/\/www.arenales.com.br\/blog\/filial-da-arenales-em-sao-paulo-muda-de-endereco\/#breadcrumb\"},\"inLanguage\":\"pt-BR\",\"potentialAction\":[{\"@type\":\"ReadAction\",\"target\":[\"https:\/\/www.arenales.com.br\/blog\/filial-da-arenales-em-sao-paulo-muda-de-endereco\/\"]}]},{\"@type\":\"ImageObject\",\"inLanguage\":\"pt-BR\",\"@id\":\"https:\/\/www.arenales.com.br\/blog\/filial-da-arenales-em-sao-paulo-muda-de-endereco\/#primaryimage\",\"url\":\"https:\/\/www.arenales.com.br\/blog\/wp-content\/uploads\/2020\/11\/capa_arenales.png\",\"contentUrl\":\"https:\/\/www.arenales.com.br\/blog\/wp-content\/uploads\/2020\/11\/capa_arenales.png\",\"width\":1200,\"height\":628},{\"@type\":\"BreadcrumbList\",\"@id\":\"https:\/\/www.arenales.com.br\/blog\/filial-da-arenales-em-sao-paulo-muda-de-endereco\/#breadcrumb\",\"itemListElement\":[{\"@type\":\"ListItem\",\"position\":1,\"name\":\"In\u00edcio\",\"item\":\"https:\/\/www.arenales.com.br\/blog\/\"},{\"@type\":\"ListItem\",\"position\":2,\"name\":\"Filial da Arenales em S\u00e3o Paulo muda de endere\u00e7o\"}]},{\"@type\":\"WebSite\",\"@id\":\"https:\/\/www.arenales.com.br\/blog\/#website\",\"url\":\"https:\/\/www.arenales.com.br\/blog\/\",\"name\":\"Arenales | Blog\",\"description\":\"Not\u00edcias sobre Homeopatia Animal\",\"potentialAction\":[{\"@type\":\"SearchAction\",\"target\":{\"@type\":\"EntryPoint\",\"urlTemplate\":\"https:\/\/www.arenales.com.br\/blog\/?s={search_term_string}\"},\"query-input\":{\"@type\":\"PropertyValueSpecification\",\"valueRequired\":true,\"valueName\":\"search_term_string\"}}],\"inLanguage\":\"pt-BR\"},{\"@type\":\"Person\",\"@id\":\"https:\/\/www.arenales.com.br\/blog\/#\/schema\/person\/4b16e8118397dad78148183d61788f70\",\"name\":\"Redator Oxigenweb\",\"image\":{\"@type\":\"ImageObject\",\"inLanguage\":\"pt-BR\",\"@id\":\"https:\/\/www.arenales.com.br\/blog\/#\/schema\/person\/image\/\",\"url\":\"https:\/\/secure.gravatar.com\/avatar\/ff2ae70070243f5b9bcec4c798c21fce81251988fc5ea61e314458603dcb0508?s=96&d=mm&r=g\",\"contentUrl\":\"https:\/\/secure.gravatar.com\/avatar\/ff2ae70070243f5b9bcec4c798c21fce81251988fc5ea61e314458603dcb0508?s=96&d=mm&r=g\",\"caption\":\"Redator Oxigenweb\"},\"url\":\"https:\/\/www.arenales.com.br\/blog\/author\/redatoro2\/\"}]}<\/script>\n<!-- \/ Yoast SEO plugin. -->","yoast_head_json":{"title":"Filial da Arenales em S\u00e3o Paulo muda de endere\u00e7o - Arenales | Blog","description":"Leia sobre Filial da Arenales em S\u00e3o Paulo muda de endere\u00e7o, aqui na Arenales | Blog - Not\u00edcias sobre Homeopatia Animal","robots":{"index":"index","follow":"follow","max-snippet":"max-snippet:-1","max-image-preview":"max-image-preview:large","max-video-preview":"max-video-preview:-1"},"canonical":"https:\/\/www.arenales.com.br\/blog\/filial-da-arenales-em-sao-paulo-muda-de-endereco\/","og_locale":"pt_BR","og_type":"article","og_title":"Filial da Arenales em S\u00e3o Paulo muda de endere\u00e7o - Arenales | Blog","og_description":"Leia sobre Filial da Arenales em S\u00e3o Paulo muda de endere\u00e7o, aqui na Arenales | Blog - Not\u00edcias sobre Homeopatia Animal","og_url":"https:\/\/www.arenales.com.br\/blog\/filial-da-arenales-em-sao-paulo-muda-de-endereco\/","og_site_name":"Arenales | Blog","article_published_time":"2018-03-22T13:27:40+00:00","article_modified_time":"2018-03-28T13:13:43+00:00","og_image":[{"width":1200,"height":628,"url":"https:\/\/www.arenales.com.br\/blog\/wp-content\/uploads\/2020\/11\/capa_arenales.png","type":"image\/png"}],"author":"Redator Oxigenweb","twitter_card":"summary_large_image","twitter_misc":{"Escrito por":"Redator Oxigenweb","Est. tempo de leitura":"1 minuto"},"schema":{"@context":"https:\/\/schema.org","@graph":[{"@type":"Article","@id":"https:\/\/www.arenales.com.br\/blog\/filial-da-arenales-em-sao-paulo-muda-de-endereco\/#article","isPartOf":{"@id":"https:\/\/www.arenales.com.br\/blog\/filial-da-arenales-em-sao-paulo-muda-de-endereco\/"},"author":{"name":"Redator Oxigenweb","@id":"https:\/\/www.arenales.com.br\/blog\/#\/schema\/person\/4b16e8118397dad78148183d61788f70"},"headline":"Filial da Arenales em S\u00e3o Paulo muda de endere\u00e7o","datePublished":"2018-03-22T13:27:40+00:00","dateModified":"2018-03-28T13:13:43+00:00","mainEntityOfPage":{"@id":"https:\/\/www.arenales.com.br\/blog\/filial-da-arenales-em-sao-paulo-muda-de-endereco\/"},"wordCount":133,"commentCount":0,"image":{"@id":"https:\/\/www.arenales.com.br\/blog\/filial-da-arenales-em-sao-paulo-muda-de-endereco\/#primaryimage"},"thumbnailUrl":"https:\/\/www.arenales.com.br\/blog\/wp-content\/uploads\/2020\/11\/capa_arenales.png","articleSection":["Not\u00edcias"],"inLanguage":"pt-BR","potentialAction":[{"@type":"CommentAction","name":"Comment","target":["https:\/\/www.arenales.com.br\/blog\/filial-da-arenales-em-sao-paulo-muda-de-endereco\/#respond"]}]},{"@type":"WebPage","@id":"https:\/\/www.arenales.com.br\/blog\/filial-da-arenales-em-sao-paulo-muda-de-endereco\/","url":"https:\/\/www.arenales.com.br\/blog\/filial-da-arenales-em-sao-paulo-muda-de-endereco\/","name":"Filial da Arenales em S\u00e3o Paulo muda de endere\u00e7o - Arenales | Blog","isPartOf":{"@id":"https:\/\/www.arenales.com.br\/blog\/#website"},"primaryImageOfPage":{"@id":"https:\/\/www.arenales.com.br\/blog\/filial-da-arenales-em-sao-paulo-muda-de-endereco\/#primaryimage"},"image":{"@id":"https:\/\/www.arenales.com.br\/blog\/filial-da-arenales-em-sao-paulo-muda-de-endereco\/#primaryimage"},"thumbnailUrl":"https:\/\/www.arenales.com.br\/blog\/wp-content\/uploads\/2020\/11\/capa_arenales.png","datePublished":"2018-03-22T13:27:40+00:00","dateModified":"2018-03-28T13:13:43+00:00","author":{"@id":"https:\/\/www.arenales.com.br\/blog\/#\/schema\/person\/4b16e8118397dad78148183d61788f70"},"description":"Leia sobre Filial da Arenales em S\u00e3o Paulo muda de endere\u00e7o, aqui na Arenales | Blog - Not\u00edcias sobre Homeopatia Animal","breadcrumb":{"@id":"https:\/\/www.arenales.com.br\/blog\/filial-da-arenales-em-sao-paulo-muda-de-endereco\/#breadcrumb"},"inLanguage":"pt-BR","potentialAction":[{"@type":"ReadAction","target":["https:\/\/www.arenales.com.br\/blog\/filial-da-arenales-em-sao-paulo-muda-de-endereco\/"]}]},{"@type":"ImageObject","inLanguage":"pt-BR","@id":"https:\/\/www.arenales.com.br\/blog\/filial-da-arenales-em-sao-paulo-muda-de-endereco\/#primaryimage","url":"https:\/\/www.arenales.com.br\/blog\/wp-content\/uploads\/2020\/11\/capa_arenales.png","contentUrl":"https:\/\/www.arenales.com.br\/blog\/wp-content\/uploads\/2020\/11\/capa_arenales.png","width":1200,"height":628},{"@type":"BreadcrumbList","@id":"https:\/\/www.arenales.com.br\/blog\/filial-da-arenales-em-sao-paulo-muda-de-endereco\/#breadcrumb","itemListElement":[{"@type":"ListItem","position":1,"name":"In\u00edcio","item":"https:\/\/www.arenales.com.br\/blog\/"},{"@type":"ListItem","position":2,"name":"Filial da Arenales em S\u00e3o Paulo muda de endere\u00e7o"}]},{"@type":"WebSite","@id":"https:\/\/www.arenales.com.br\/blog\/#website","url":"https:\/\/www.arenales.com.br\/blog\/","name":"Arenales | Blog","description":"Not\u00edcias sobre Homeopatia Animal","potentialAction":[{"@type":"SearchAction","target":{"@type":"EntryPoint","urlTemplate":"https:\/\/www.arenales.com.br\/blog\/?s={search_term_string}"},"query-input":{"@type":"PropertyValueSpecification","valueRequired":true,"valueName":"search_term_string"}}],"inLanguage":"pt-BR"},{"@type":"Person","@id":"https:\/\/www.arenales.com.br\/blog\/#\/schema\/person\/4b16e8118397dad78148183d61788f70","name":"Redator Oxigenweb","image":{"@type":"ImageObject","inLanguage":"pt-BR","@id":"https:\/\/www.arenales.com.br\/blog\/#\/schema\/person\/image\/","url":"https:\/\/secure.gravatar.com\/avatar\/ff2ae70070243f5b9bcec4c798c21fce81251988fc5ea61e314458603dcb0508?s=96&d=mm&r=g","contentUrl":"https:\/\/secure.gravatar.com\/avatar\/ff2ae70070243f5b9bcec4c798c21fce81251988fc5ea61e314458603dcb0508?s=96&d=mm&r=g","caption":"Redator Oxigenweb"},"url":"https:\/\/www.arenales.com.br\/blog\/author\/redatoro2\/"}]}},"_links":{"self":[{"href":"https:\/\/www.arenales.com.br\/blog\/wp-json\/wp\/v2\/posts\/1004","targetHints":{"allow":["GET"]}}],"collection":[{"href":"https:\/\/www.arenales.com.br\/blog\/wp-json\/wp\/v2\/posts"}],"about":[{"href":"https:\/\/www.arenales.com.br\/blog\/wp-json\/wp\/v2\/types\/post"}],"author":[{"embeddable":true,"href":"https:\/\/www.arenales.com.br\/blog\/wp-json\/wp\/v2\/users\/5"}],"replies":[{"embeddable":true,"href":"https:\/\/www.arenales.com.br\/blog\/wp-json\/wp\/v2\/comments?post=1004"}],"version-history":[{"count":0,"href":"https:\/\/www.arenales.com.br\/blog\/wp-json\/wp\/v2\/posts\/1004\/revisions"}],"wp:featuredmedia":[{"embeddable":true,"href":"https:\/\/www.arenales.com.br\/blog\/wp-json\/wp\/v2\/media\/1193"}],"wp:attachment":[{"href":"https:\/\/www.arenales.com.br\/blog\/wp-json\/wp\/v2\/media?parent=1004"}],"wp:term":[{"taxonomy":"category","embeddable":true,"href":"https:\/\/www.arenales.com.br\/blog\/wp-json\/wp\/v2\/categories?post=1004"},{"taxonomy":"post_tag","embeddable":true,"href":"https:\/\/www.arenales.com.br\/blog\/wp-json\/wp\/v2\/tags?post=1004"}],"curies":[{"name":"wp","href":"https:\/\/api.w.org\/{rel}","templated":true}]}}