{"id":1003,"date":"2018-03-22T10:10:21","date_gmt":"2018-03-22T13:10:21","guid":{"rendered":"https:\/\/arenales.com.br\/?p=6192"},"modified":"2018-03-22T10:28:55","modified_gmt":"2018-03-22T13:28:55","slug":"dia-mundial-da-agua","status":"publish","type":"post","link":"https:\/\/www.arenales.com.br\/blog\/dia-mundial-da-agua\/","title":{"rendered":"Palestra \u00e9 realizada para os colaboradores em comemora\u00e7\u00e3o ao Dia da \u00c1gua"},"content":{"rendered":"<p><!--:pt-->Estamos no dia que se comemora o Dia Mundial da \u00c1gua, e este recurso t\u00e3o importante para os seres humanos, tem sido cada vez mais evidenciado, com crises de racionamento em pequenas e grandes cidades de todo o pa\u00eds. A mais recente delas tem sido em Bras\u00edlia, capital do Brasil, com v\u00e1rias a\u00e7\u00f5es de economia que tem sido feitas por l\u00e1 por falta de \u00e1gua nos reservat\u00f3rios que abastecem a cidade.<\/p>\n<p>Na manh\u00e3 de hoje (22), os colaboradores da sede matriz da Arenales Homeopatianimal em Presidente Prudente (SP), receberam uma palestra que teve como enfoque a crise h\u00eddrica e maneiras de promover a redu\u00e7\u00e3o de \u00e1gua em casa. <\/p>\n<p>A Arenales Homeopatianimal sempre esteve preocupada com essa quest\u00e3o e desde quando foi criada, no ano 2000, desenvolve Programas de Conserva\u00e7\u00e3o e Reuso de \u00c1gua. No ano passado, a empresa ficou em 1\u00ba lugar em todo o Estado de S\u00e3o Paulo, no 12\u00ba Pr\u00eamio de Conserva\u00e7\u00e3o e Reuso da \u00c1gua dado pela Fiesp (Federa\u00e7\u00e3o das Ind\u00fastrias do Estado de S\u00e3o Paulo). E esteve em destaque no Ranking Sustent\u00e1vel da Revista Exame, da Editora Abril, sobre o mesmo tema, entre companhias de diversos setores do pa\u00eds.<\/p>\n<p>Entre os programas que se destacam na Arenales, existe o de Reuso de \u00c1gua dos Destiladores, que ao longo dos anos foi ampliado. No setor onde s\u00e3o esterilizados os materiais utilizados no Laborat\u00f3rio da Arenales, tem dois destiladores que captam a \u00e1gua corrente para produzir \u00e1gua destilada. Atrav\u00e9s de um sistema de reutiliza\u00e7\u00e3o, o equipamento que necessita de 60 litros de \u00e1gua encanada, para se fazer 1 litro de \u00e1gua destilada, \u00e9 reaproveitado 59 litros do l\u00edquido. Com esse programa, 108.000 litros s\u00e3o reutilizados por ano do l\u00edquido. Neste ano a meta \u00e9 ampliar as a\u00e7\u00f5es de reuso.<\/p>\n<p><strong>Conhe\u00e7a abaixo outras a\u00e7\u00f5es desenvolvidos na Arenales Homeopatianimal<br \/>\n<\/strong><br \/>\n<strong>Aproveitamento de \u00e1gua pluvial \u2013<\/strong> as \u00e1guas da chuva s\u00e3o armazenadas em reservat\u00f3rios para seu posterior aproveitamento, diminuindo assim o consumo de \u00c1gua tratada. Todos os recursos armazenados s\u00e3o utilizados para irriga\u00e7\u00e3o dos jardins, lavagem das \u00e1reas externas, entre outras utilidades.<\/p>\n<p><strong>Treinamento de Colaboradores <\/strong>\u2013 todos os colaboradores passam constantemente por treinamentos para aprimorar a qualidade no processo industrial, visando \u00e0 diminui\u00e7\u00e3o no consumo de energia e consequentemente desperd\u00edcio de \u00e1gua. Ao ser inserido ao corpo de profissionais da empresa, os colaboradores passam por treinamentos, onde s\u00e3o destacadas a import\u00e2ncia de economizar os recursos naturais atrav\u00e9s da utiliza\u00e7\u00e3o correta dos equipamentos. Constantemente \u00e0 Arenales promove ciclos de palestras e treinamentos aos profissionais j\u00e1 inseridos, para ressaltar os valores da conserva\u00e7\u00e3o e utiliza\u00e7\u00e3o correta da \u00e1gua. O nome deste projeto foi intitulado de Programa Educa\u00e7\u00e3o Continuada.<\/p>\n<p><strong>Alertas de Conscientiza\u00e7\u00e3o <\/strong>\u2013 na empresa todas as torneiras s\u00e3o colados um alerta sobre a utiliza\u00e7\u00e3o correta da \u00e1gua e a import\u00e2ncia de conservar o recurso.<\/p>\n<p><strong>Fabrica\u00e7\u00e3o de Medicamentos Homeop\u00e1ticos aos Peixes<\/strong> &#8211; com resultados expressivos nas pisciculturas e aqu\u00e1rios de todo o pa\u00eds, atrav\u00e9s da utiliza\u00e7\u00e3o de medicamentos homeop\u00e1ticos aos peixes, al\u00e9m de estar tratando as mais variadas patologias, o medicamento aplicado n\u00e3o libera toxinas ou deixa res\u00edduos no ambiente onde os aqu\u00e1ticos est\u00e3o. Dessa forma, a \u00e1gua n\u00e3o \u00e9 contaminada e os peixes tamb\u00e9m n\u00e3o liberam organismos que possam prejudicar e\/ou alterar o pH (Potencial Hidroge\u00f4nico) do ambiente. Contudo, a \u00e1gua \u00e9 conservada de acordo com os padr\u00f5es naturais.<\/p>\n\n","protected":false},"excerpt":{"rendered":"<p>Estamos no dia que se comemora o Dia Mundial da \u00c1gua, e este recurso t\u00e3o importante para os seres humanos, tem sido cada vez mais evidenciado, com crises de racionamento em pequenas e grandes cidades de todo o pa\u00eds. A mais recente delas tem sido em Bras\u00edlia, capital do Brasil, com v\u00e1rias a\u00e7\u00f5es de economia&#8230;<\/p>\n","protected":false},"author":5,"featured_media":1193,"comment_status":"open","ping_status":"open","sticky":false,"template":"","format":"standard","meta":{"footnotes":""},"categories":[1],"tags":[],"class_list":["post-1003","post","type-post","status-publish","format-standard","has-post-thumbnail","hentry","category-noticias"],"yoast_head":"<!-- This site is optimized with the Yoast SEO plugin v27.0 - https:\/\/yoast.com\/product\/yoast-seo-wordpress\/ -->\n<title>Palestra \u00e9 realizada para os colaboradores em comemora\u00e7\u00e3o ao Dia da \u00c1gua - Arenales | Blog<\/title>\n<meta name=\"description\" content=\"Leia sobre Palestra \u00e9 realizada para os colaboradores em comemora\u00e7\u00e3o ao Dia da \u00c1gua, aqui na Arenales | Blog - Not\u00edcias sobre Homeopatia Animal\" \/>\n<meta name=\"robots\" content=\"index, follow, max-snippet:-1, max-image-preview:large, max-video-preview:-1\" \/>\n<link rel=\"canonical\" href=\"https:\/\/www.arenales.com.br\/blog\/dia-mundial-da-agua\/\" \/>\n<meta property=\"og:locale\" content=\"pt_BR\" \/>\n<meta property=\"og:type\" content=\"article\" \/>\n<meta property=\"og:title\" content=\"Palestra \u00e9 realizada para os colaboradores em comemora\u00e7\u00e3o ao Dia da \u00c1gua - Arenales | Blog\" \/>\n<meta property=\"og:description\" content=\"Leia sobre Palestra \u00e9 realizada para os colaboradores em comemora\u00e7\u00e3o ao Dia da \u00c1gua, aqui na Arenales | Blog - Not\u00edcias sobre Homeopatia Animal\" \/>\n<meta property=\"og:url\" content=\"https:\/\/www.arenales.com.br\/blog\/dia-mundial-da-agua\/\" \/>\n<meta property=\"og:site_name\" content=\"Arenales | Blog\" \/>\n<meta property=\"article:published_time\" content=\"2018-03-22T13:10:21+00:00\" \/>\n<meta property=\"article:modified_time\" content=\"2018-03-22T13:28:55+00:00\" \/>\n<meta property=\"og:image\" content=\"https:\/\/www.arenales.com.br\/blog\/wp-content\/uploads\/2020\/11\/capa_arenales.png\" \/>\n\t<meta property=\"og:image:width\" content=\"1200\" \/>\n\t<meta property=\"og:image:height\" content=\"628\" \/>\n\t<meta property=\"og:image:type\" content=\"image\/png\" \/>\n<meta name=\"author\" content=\"Redator Oxigenweb\" \/>\n<meta name=\"twitter:card\" content=\"summary_large_image\" \/>\n<meta name=\"twitter:label1\" content=\"Escrito por\" \/>\n\t<meta name=\"twitter:data1\" content=\"Redator Oxigenweb\" \/>\n\t<meta name=\"twitter:label2\" content=\"Est. tempo de leitura\" \/>\n\t<meta name=\"twitter:data2\" content=\"3 minutos\" \/>\n<script type=\"application\/ld+json\" class=\"yoast-schema-graph\">{\"@context\":\"https:\/\/schema.org\",\"@graph\":[{\"@type\":\"Article\",\"@id\":\"https:\/\/www.arenales.com.br\/blog\/dia-mundial-da-agua\/#article\",\"isPartOf\":{\"@id\":\"https:\/\/www.arenales.com.br\/blog\/dia-mundial-da-agua\/\"},\"author\":{\"name\":\"Redator Oxigenweb\",\"@id\":\"https:\/\/www.arenales.com.br\/blog\/#\/schema\/person\/4b16e8118397dad78148183d61788f70\"},\"headline\":\"Palestra \u00e9 realizada para os colaboradores em comemora\u00e7\u00e3o ao Dia da \u00c1gua\",\"datePublished\":\"2018-03-22T13:10:21+00:00\",\"dateModified\":\"2018-03-22T13:28:55+00:00\",\"mainEntityOfPage\":{\"@id\":\"https:\/\/www.arenales.com.br\/blog\/dia-mundial-da-agua\/\"},\"wordCount\":606,\"commentCount\":0,\"image\":{\"@id\":\"https:\/\/www.arenales.com.br\/blog\/dia-mundial-da-agua\/#primaryimage\"},\"thumbnailUrl\":\"https:\/\/www.arenales.com.br\/blog\/wp-content\/uploads\/2020\/11\/capa_arenales.png\",\"articleSection\":[\"Not\u00edcias\"],\"inLanguage\":\"pt-BR\",\"potentialAction\":[{\"@type\":\"CommentAction\",\"name\":\"Comment\",\"target\":[\"https:\/\/www.arenales.com.br\/blog\/dia-mundial-da-agua\/#respond\"]}]},{\"@type\":\"WebPage\",\"@id\":\"https:\/\/www.arenales.com.br\/blog\/dia-mundial-da-agua\/\",\"url\":\"https:\/\/www.arenales.com.br\/blog\/dia-mundial-da-agua\/\",\"name\":\"Palestra \u00e9 realizada para os colaboradores em comemora\u00e7\u00e3o ao Dia da \u00c1gua - Arenales | Blog\",\"isPartOf\":{\"@id\":\"https:\/\/www.arenales.com.br\/blog\/#website\"},\"primaryImageOfPage\":{\"@id\":\"https:\/\/www.arenales.com.br\/blog\/dia-mundial-da-agua\/#primaryimage\"},\"image\":{\"@id\":\"https:\/\/www.arenales.com.br\/blog\/dia-mundial-da-agua\/#primaryimage\"},\"thumbnailUrl\":\"https:\/\/www.arenales.com.br\/blog\/wp-content\/uploads\/2020\/11\/capa_arenales.png\",\"datePublished\":\"2018-03-22T13:10:21+00:00\",\"dateModified\":\"2018-03-22T13:28:55+00:00\",\"author\":{\"@id\":\"https:\/\/www.arenales.com.br\/blog\/#\/schema\/person\/4b16e8118397dad78148183d61788f70\"},\"description\":\"Leia sobre Palestra \u00e9 realizada para os colaboradores em comemora\u00e7\u00e3o ao Dia da \u00c1gua, aqui na Arenales | Blog - Not\u00edcias sobre Homeopatia Animal\",\"breadcrumb\":{\"@id\":\"https:\/\/www.arenales.com.br\/blog\/dia-mundial-da-agua\/#breadcrumb\"},\"inLanguage\":\"pt-BR\",\"potentialAction\":[{\"@type\":\"ReadAction\",\"target\":[\"https:\/\/www.arenales.com.br\/blog\/dia-mundial-da-agua\/\"]}]},{\"@type\":\"ImageObject\",\"inLanguage\":\"pt-BR\",\"@id\":\"https:\/\/www.arenales.com.br\/blog\/dia-mundial-da-agua\/#primaryimage\",\"url\":\"https:\/\/www.arenales.com.br\/blog\/wp-content\/uploads\/2020\/11\/capa_arenales.png\",\"contentUrl\":\"https:\/\/www.arenales.com.br\/blog\/wp-content\/uploads\/2020\/11\/capa_arenales.png\",\"width\":1200,\"height\":628},{\"@type\":\"BreadcrumbList\",\"@id\":\"https:\/\/www.arenales.com.br\/blog\/dia-mundial-da-agua\/#breadcrumb\",\"itemListElement\":[{\"@type\":\"ListItem\",\"position\":1,\"name\":\"In\u00edcio\",\"item\":\"https:\/\/www.arenales.com.br\/blog\/\"},{\"@type\":\"ListItem\",\"position\":2,\"name\":\"Palestra \u00e9 realizada para os colaboradores em comemora\u00e7\u00e3o ao Dia da \u00c1gua\"}]},{\"@type\":\"WebSite\",\"@id\":\"https:\/\/www.arenales.com.br\/blog\/#website\",\"url\":\"https:\/\/www.arenales.com.br\/blog\/\",\"name\":\"Arenales | Blog\",\"description\":\"Not\u00edcias sobre Homeopatia Animal\",\"potentialAction\":[{\"@type\":\"SearchAction\",\"target\":{\"@type\":\"EntryPoint\",\"urlTemplate\":\"https:\/\/www.arenales.com.br\/blog\/?s={search_term_string}\"},\"query-input\":{\"@type\":\"PropertyValueSpecification\",\"valueRequired\":true,\"valueName\":\"search_term_string\"}}],\"inLanguage\":\"pt-BR\"},{\"@type\":\"Person\",\"@id\":\"https:\/\/www.arenales.com.br\/blog\/#\/schema\/person\/4b16e8118397dad78148183d61788f70\",\"name\":\"Redator Oxigenweb\",\"image\":{\"@type\":\"ImageObject\",\"inLanguage\":\"pt-BR\",\"@id\":\"https:\/\/www.arenales.com.br\/blog\/#\/schema\/person\/image\/\",\"url\":\"https:\/\/secure.gravatar.com\/avatar\/ff2ae70070243f5b9bcec4c798c21fce81251988fc5ea61e314458603dcb0508?s=96&d=mm&r=g\",\"contentUrl\":\"https:\/\/secure.gravatar.com\/avatar\/ff2ae70070243f5b9bcec4c798c21fce81251988fc5ea61e314458603dcb0508?s=96&d=mm&r=g\",\"caption\":\"Redator Oxigenweb\"},\"url\":\"https:\/\/www.arenales.com.br\/blog\/author\/redatoro2\/\"}]}<\/script>\n<!-- \/ Yoast SEO plugin. -->","yoast_head_json":{"title":"Palestra \u00e9 realizada para os colaboradores em comemora\u00e7\u00e3o ao Dia da \u00c1gua - Arenales | Blog","description":"Leia sobre Palestra \u00e9 realizada para os colaboradores em comemora\u00e7\u00e3o ao Dia da \u00c1gua, aqui na Arenales | Blog - Not\u00edcias sobre Homeopatia Animal","robots":{"index":"index","follow":"follow","max-snippet":"max-snippet:-1","max-image-preview":"max-image-preview:large","max-video-preview":"max-video-preview:-1"},"canonical":"https:\/\/www.arenales.com.br\/blog\/dia-mundial-da-agua\/","og_locale":"pt_BR","og_type":"article","og_title":"Palestra \u00e9 realizada para os colaboradores em comemora\u00e7\u00e3o ao Dia da \u00c1gua - Arenales | Blog","og_description":"Leia sobre Palestra \u00e9 realizada para os colaboradores em comemora\u00e7\u00e3o ao Dia da \u00c1gua, aqui na Arenales | Blog - Not\u00edcias sobre Homeopatia Animal","og_url":"https:\/\/www.arenales.com.br\/blog\/dia-mundial-da-agua\/","og_site_name":"Arenales | Blog","article_published_time":"2018-03-22T13:10:21+00:00","article_modified_time":"2018-03-22T13:28:55+00:00","og_image":[{"width":1200,"height":628,"url":"https:\/\/www.arenales.com.br\/blog\/wp-content\/uploads\/2020\/11\/capa_arenales.png","type":"image\/png"}],"author":"Redator Oxigenweb","twitter_card":"summary_large_image","twitter_misc":{"Escrito por":"Redator Oxigenweb","Est. tempo de leitura":"3 minutos"},"schema":{"@context":"https:\/\/schema.org","@graph":[{"@type":"Article","@id":"https:\/\/www.arenales.com.br\/blog\/dia-mundial-da-agua\/#article","isPartOf":{"@id":"https:\/\/www.arenales.com.br\/blog\/dia-mundial-da-agua\/"},"author":{"name":"Redator Oxigenweb","@id":"https:\/\/www.arenales.com.br\/blog\/#\/schema\/person\/4b16e8118397dad78148183d61788f70"},"headline":"Palestra \u00e9 realizada para os colaboradores em comemora\u00e7\u00e3o ao Dia da \u00c1gua","datePublished":"2018-03-22T13:10:21+00:00","dateModified":"2018-03-22T13:28:55+00:00","mainEntityOfPage":{"@id":"https:\/\/www.arenales.com.br\/blog\/dia-mundial-da-agua\/"},"wordCount":606,"commentCount":0,"image":{"@id":"https:\/\/www.arenales.com.br\/blog\/dia-mundial-da-agua\/#primaryimage"},"thumbnailUrl":"https:\/\/www.arenales.com.br\/blog\/wp-content\/uploads\/2020\/11\/capa_arenales.png","articleSection":["Not\u00edcias"],"inLanguage":"pt-BR","potentialAction":[{"@type":"CommentAction","name":"Comment","target":["https:\/\/www.arenales.com.br\/blog\/dia-mundial-da-agua\/#respond"]}]},{"@type":"WebPage","@id":"https:\/\/www.arenales.com.br\/blog\/dia-mundial-da-agua\/","url":"https:\/\/www.arenales.com.br\/blog\/dia-mundial-da-agua\/","name":"Palestra \u00e9 realizada para os colaboradores em comemora\u00e7\u00e3o ao Dia da \u00c1gua - Arenales | Blog","isPartOf":{"@id":"https:\/\/www.arenales.com.br\/blog\/#website"},"primaryImageOfPage":{"@id":"https:\/\/www.arenales.com.br\/blog\/dia-mundial-da-agua\/#primaryimage"},"image":{"@id":"https:\/\/www.arenales.com.br\/blog\/dia-mundial-da-agua\/#primaryimage"},"thumbnailUrl":"https:\/\/www.arenales.com.br\/blog\/wp-content\/uploads\/2020\/11\/capa_arenales.png","datePublished":"2018-03-22T13:10:21+00:00","dateModified":"2018-03-22T13:28:55+00:00","author":{"@id":"https:\/\/www.arenales.com.br\/blog\/#\/schema\/person\/4b16e8118397dad78148183d61788f70"},"description":"Leia sobre Palestra \u00e9 realizada para os colaboradores em comemora\u00e7\u00e3o ao Dia da \u00c1gua, aqui na Arenales | Blog - Not\u00edcias sobre Homeopatia Animal","breadcrumb":{"@id":"https:\/\/www.arenales.com.br\/blog\/dia-mundial-da-agua\/#breadcrumb"},"inLanguage":"pt-BR","potentialAction":[{"@type":"ReadAction","target":["https:\/\/www.arenales.com.br\/blog\/dia-mundial-da-agua\/"]}]},{"@type":"ImageObject","inLanguage":"pt-BR","@id":"https:\/\/www.arenales.com.br\/blog\/dia-mundial-da-agua\/#primaryimage","url":"https:\/\/www.arenales.com.br\/blog\/wp-content\/uploads\/2020\/11\/capa_arenales.png","contentUrl":"https:\/\/www.arenales.com.br\/blog\/wp-content\/uploads\/2020\/11\/capa_arenales.png","width":1200,"height":628},{"@type":"BreadcrumbList","@id":"https:\/\/www.arenales.com.br\/blog\/dia-mundial-da-agua\/#breadcrumb","itemListElement":[{"@type":"ListItem","position":1,"name":"In\u00edcio","item":"https:\/\/www.arenales.com.br\/blog\/"},{"@type":"ListItem","position":2,"name":"Palestra \u00e9 realizada para os colaboradores em comemora\u00e7\u00e3o ao Dia da \u00c1gua"}]},{"@type":"WebSite","@id":"https:\/\/www.arenales.com.br\/blog\/#website","url":"https:\/\/www.arenales.com.br\/blog\/","name":"Arenales | Blog","description":"Not\u00edcias sobre Homeopatia Animal","potentialAction":[{"@type":"SearchAction","target":{"@type":"EntryPoint","urlTemplate":"https:\/\/www.arenales.com.br\/blog\/?s={search_term_string}"},"query-input":{"@type":"PropertyValueSpecification","valueRequired":true,"valueName":"search_term_string"}}],"inLanguage":"pt-BR"},{"@type":"Person","@id":"https:\/\/www.arenales.com.br\/blog\/#\/schema\/person\/4b16e8118397dad78148183d61788f70","name":"Redator Oxigenweb","image":{"@type":"ImageObject","inLanguage":"pt-BR","@id":"https:\/\/www.arenales.com.br\/blog\/#\/schema\/person\/image\/","url":"https:\/\/secure.gravatar.com\/avatar\/ff2ae70070243f5b9bcec4c798c21fce81251988fc5ea61e314458603dcb0508?s=96&d=mm&r=g","contentUrl":"https:\/\/secure.gravatar.com\/avatar\/ff2ae70070243f5b9bcec4c798c21fce81251988fc5ea61e314458603dcb0508?s=96&d=mm&r=g","caption":"Redator Oxigenweb"},"url":"https:\/\/www.arenales.com.br\/blog\/author\/redatoro2\/"}]}},"_links":{"self":[{"href":"https:\/\/www.arenales.com.br\/blog\/wp-json\/wp\/v2\/posts\/1003","targetHints":{"allow":["GET"]}}],"collection":[{"href":"https:\/\/www.arenales.com.br\/blog\/wp-json\/wp\/v2\/posts"}],"about":[{"href":"https:\/\/www.arenales.com.br\/blog\/wp-json\/wp\/v2\/types\/post"}],"author":[{"embeddable":true,"href":"https:\/\/www.arenales.com.br\/blog\/wp-json\/wp\/v2\/users\/5"}],"replies":[{"embeddable":true,"href":"https:\/\/www.arenales.com.br\/blog\/wp-json\/wp\/v2\/comments?post=1003"}],"version-history":[{"count":0,"href":"https:\/\/www.arenales.com.br\/blog\/wp-json\/wp\/v2\/posts\/1003\/revisions"}],"wp:featuredmedia":[{"embeddable":true,"href":"https:\/\/www.arenales.com.br\/blog\/wp-json\/wp\/v2\/media\/1193"}],"wp:attachment":[{"href":"https:\/\/www.arenales.com.br\/blog\/wp-json\/wp\/v2\/media?parent=1003"}],"wp:term":[{"taxonomy":"category","embeddable":true,"href":"https:\/\/www.arenales.com.br\/blog\/wp-json\/wp\/v2\/categories?post=1003"},{"taxonomy":"post_tag","embeddable":true,"href":"https:\/\/www.arenales.com.br\/blog\/wp-json\/wp\/v2\/tags?post=1003"}],"curies":[{"name":"wp","href":"https:\/\/api.w.org\/{rel}","templated":true}]}}